{"id":1263,"date":"2024-09-09T14:44:14","date_gmt":"2024-09-09T18:44:14","guid":{"rendered":"https:\/\/agromt.news\/?p=1263"},"modified":"2024-09-09T14:44:14","modified_gmt":"2024-09-09T18:44:14","slug":"lula-autoriza-emprego-das-forcas-armadas-nas-eleicoes-2024","status":"publish","type":"post","link":"https:\/\/agromt.news\/?p=1263","title":{"rendered":"Lula autoriza emprego das For\u00e7as Armadas nas elei\u00e7\u00f5es 2024"},"content":{"rendered":"<p> <br \/>\n<br \/><img decoding=\"async\" src=\"https:\/\/agromt.news\/wp-content\/uploads\/2024\/09\/Lula-autoriza-emprego-das-Forcas-Armadas-nas-eleicoes-2024.jpg\" \/><\/p>\n<div>\n<p>O presidente Luiz In\u00e1cio Lula da Silva autorizou o emprego das For\u00e7as Armadas para a garantia da vota\u00e7\u00e3o e da apura\u00e7\u00e3o das <strong><a href=\"https:\/\/www.canalrural.com.br\/diversos\/propaganda-eleitoral-comeca-nesta-semana\/\">elei\u00e7\u00f5es de 2024<\/a><\/strong>. O decreto foi <strong><a href=\"https:\/\/www.in.gov.br\/en\/web\/dou\/-\/decreto-n-12.167-de-6-de-setembro-de-2024-582949993\">publicado no Di\u00e1rio Oficial da Uni\u00e3o<\/a><\/strong> nesta segunda-feira (9).<\/p>\n<p>As localidades e o per\u00edodo de emprego das For\u00e7as Armadas ser\u00e3o definidos conforme os termos de requisi\u00e7\u00e3o do Tribunal Superior Eleitoral (TSE).<\/p>\n<\/div>\n<div>\n<p>A participa\u00e7\u00e3o das For\u00e7as Armadas no processo eleitoral est\u00e1 prevista na Constitui\u00e7\u00e3o Federal e no C\u00f3digo Eleitoral.<\/p>\n<p>O decreto foi assinado em conjunto pelo presidente Lula, pelo ministro da Defesa, Jos\u00e9 M\u00facio Monteiro e pelo ministro-chefe do Gabinete de Seguran\u00e7a Institucional (GSI) da Presid\u00eancia da Rep\u00fablica, Marcos Antonio Amaro dos Santos.<\/p>\n<h2 class=\"wp-block-heading\" id=\"h-eleicoes-municipais\">Elei\u00e7\u00f5es municipais<\/h2>\n<p>Nas elei\u00e7\u00f5es municipais, s\u00e3o eleitos prefeitos, vice-prefeitos e vereadores. Somente no Distrito Federal n\u00e3o h\u00e1 elei\u00e7\u00f5es municipais.<\/p>\n<p>O primeiro turno das elei\u00e7\u00f5es municipais de 2024 est\u00e1 marcado para 6 de outubro. O segundo turno ocorrer\u00e1 em <strong>27 de outubro<\/strong>, na elei\u00e7\u00e3o para prefeitos de munic\u00edpios com mais de 200 mil eleitores, quando nenhum dos candidatos ao posto obtiver mais da metade dos votos v\u00e1lidos (exclu\u00eddos os votos em branco e os votos nulos) para ser eleito.<\/p>\n<p>Em rela\u00e7\u00e3o a 2020, houve um aumento de 5% no n\u00famero de votantes, tornando a elei\u00e7\u00e3o deste ano a maior municipal de todos os tempos no pa\u00eds.<\/p>\n<p>Quanto aos concorrentes, o tribunal contabiliza 461.012 pedidos de registro de candidatas e candidatos em outubro, sendo 15.465 candidatos ao cargo de prefeito; 15.682 ao de vice-prefeito; e 429.865 ao de vereador.<\/p>\n<\/div>\n<p><br \/>\n<br \/><a href=\"https:\/\/www.canalrural.com.br\/politica\/lula-autoriza-emprego-das-forcas-armadas-nas-eleicoes-2024\/\">Source link <\/a><\/p>\n","protected":false},"excerpt":{"rendered":"<p>O presidente Luiz In\u00e1cio Lula da Silva autorizou o emprego das For\u00e7as Armadas para a garantia da vota\u00e7\u00e3o e da<\/p>\n","protected":false},"author":1,"featured_media":1264,"comment_status":"open","ping_status":"open","sticky":false,"template":"","format":"standard","meta":{"_monsterinsights_skip_tracking":false,"_monsterinsights_sitenote_active":false,"_monsterinsights_sitenote_note":"","_monsterinsights_sitenote_category":0,"_uf_show_specific_survey":0,"_uf_disable_surveys":false,"footnotes":""},"categories":[1],"tags":[],"class_list":["post-1263","post","type-post","status-publish","format-standard","has-post-thumbnail","hentry","category-news"],"_links":{"self":[{"href":"https:\/\/agromt.news\/index.php?rest_route=\/wp\/v2\/posts\/1263"}],"collection":[{"href":"https:\/\/agromt.news\/index.php?rest_route=\/wp\/v2\/posts"}],"about":[{"href":"https:\/\/agromt.news\/index.php?rest_route=\/wp\/v2\/types\/post"}],"author":[{"embeddable":true,"href":"https:\/\/agromt.news\/index.php?rest_route=\/wp\/v2\/users\/1"}],"replies":[{"embeddable":true,"href":"https:\/\/agromt.news\/index.php?rest_route=%2Fwp%2Fv2%2Fcomments&post=1263"}],"version-history":[{"count":0,"href":"https:\/\/agromt.news\/index.php?rest_route=\/wp\/v2\/posts\/1263\/revisions"}],"wp:featuredmedia":[{"embeddable":true,"href":"https:\/\/agromt.news\/index.php?rest_route=\/wp\/v2\/media\/1264"}],"wp:attachment":[{"href":"https:\/\/agromt.news\/index.php?rest_route=%2Fwp%2Fv2%2Fmedia&parent=1263"}],"wp:term":[{"taxonomy":"category","embeddable":true,"href":"https:\/\/agromt.news\/index.php?rest_route=%2Fwp%2Fv2%2Fcategories&post=1263"},{"taxonomy":"post_tag","embeddable":true,"href":"https:\/\/agromt.news\/index.php?rest_route=%2Fwp%2Fv2%2Ftags&post=1263"}],"curies":[{"name":"wp","href":"https:\/\/api.w.org\/{rel}","templated":true}]}}