{"id":1261,"date":"2024-09-09T14:26:22","date_gmt":"2024-09-09T18:26:22","guid":{"rendered":"https:\/\/agromt.news\/?p=1261"},"modified":"2024-09-09T14:26:22","modified_gmt":"2024-09-09T18:26:22","slug":"favaro-defende-vocacao-agro-do-brasil-e-ampliacao-da-presenca-global-no-fiap-2024","status":"publish","type":"post","link":"https:\/\/agromt.news\/?p=1261","title":{"rendered":"F\u00e1varo defende voca\u00e7\u00e3o agro do Brasil e amplia\u00e7\u00e3o da presen\u00e7a global no FIAP 2024"},"content":{"rendered":"<p> <br \/>\n<br \/><img decoding=\"async\" src=\"https:\/\/agromt.news\/wp-content\/uploads\/2024\/09\/Favaro-defende-vocacao-agro-do-Brasil-e-ampliacao-da-presenca.jpg\" \/><\/p>\n<div>\n<p>Nesta segunda-feira (9), o F\u00f3rum Internacional da Agropecu\u00e1ria (FIAP 2024) deu in\u00edcio \u00e0 sua programa\u00e7\u00e3o com a presen\u00e7a de grandes nomes do agroneg\u00f3cio e autoridades nacionais e internacionais. Realizado em Cuiab\u00e1, Mato Grosso, o evento, promovido pelo Canal Rural, tem como objetivo principal discutir as pautas mais relevantes para o setor agroalimentar e preparar o Brasil para o <em><a href=\"https:\/\/www.canalrural.com.br\/tag\/g20-agro\/\">G20 Agro<\/a><\/em>, que ocorrer\u00e1 entre os dias 10 e 13 de setembro, na Chapada dos Guimar\u00e3es.<\/p>\n<figure class=\"wp-block-embed is-type-video is-provider-youtube wp-block-embed-youtube wp-embed-aspect-16-9 wp-has-aspect-ratio\">\n<p>\n<iframe title=\"FIAP - F\u00f3rum Internacional da Agropecu\u00e1ria\" width=\"800\" height=\"450\" src=\"https:\/\/www.youtube.com\/embed\/bQ0yMhU9RVY?feature=oembed\" frameborder=\"0\" allow=\"accelerometer; autoplay; clipboard-write; encrypted-media; gyroscope; picture-in-picture; web-share\" referrerpolicy=\"strict-origin-when-cross-origin\" allowfullscreen><\/iframe><noscript><iframe title=\"FIAP - F\u00f3rum Internacional da Agropecu\u00e1ria\" width=\"800\" height=\"450\" src=\"https:\/\/www.youtube.com\/embed\/bQ0yMhU9RVY?feature=oembed\" frameborder=\"0\" allow=\"accelerometer; autoplay; clipboard-write; encrypted-media; gyroscope; picture-in-picture; web-share\" referrerpolicy=\"strict-origin-when-cross-origin\" allowfullscreen><\/iframe><\/noscript>\n<\/p>\n<\/figure>\n<p>Durante a abertura do evento, o presidente do Canal Rural, <strong>Julio Cargnino<\/strong>, destacou a import\u00e2ncia do FIAP 2024 como um espa\u00e7o de di\u00e1logo e constru\u00e7\u00e3o de estrat\u00e9gias para o futuro do agro. \u201c<em>Esse \u00e9 um momento em que estamos dedicados a construir esses espa\u00e7os de di\u00e1logo. O evento tem tr\u00eas grandes objetivos. O primeiro \u00e9 mostrar como chegamos at\u00e9 aqui, como o Brasil se tornou essa pot\u00eancia agroalimentar que \u00e9 hoje. Em um segundo momento, vamos mostrar como estamos nos preparando para o futuro. Temos muitos desafios, mas tamb\u00e9m temos muitas estrat\u00e9gias sendo implementadas. O terceiro pilar \u00e9 o di\u00e1logo com a comunidade internacional. Essas conversas precisam acontecer para que outros pa\u00edses nos conhe\u00e7am cada vez mais<\/em>\u201c, afirmou.<\/p>\n<p><em>Confira na palma da m\u00e3o informa\u00e7\u00f5es quentes sobre agricultura, pecu\u00e1ria, economia e previs\u00e3o do tempo:<\/em><a href=\"https:\/\/www.whatsapp.com\/channel\/0029Va9VnZxGk1FplZjiW43k\"><em> <\/em><strong>siga o Canal Rural no WhatsApp<\/strong><\/a>!<\/p>\n<\/div>\n<div>\n<h3 class=\"wp-block-heading\" id=\"h-autoridades-discutem-o-futuro-do-agronegocio-brasileiro\"><strong>Autoridades discutem o futuro do agroneg\u00f3cio brasileiro<\/strong><\/h3>\n<p>A abertura contou com a presen\u00e7a de diversas autoridades, como o ministro da Agricultura, <strong>Carlos F\u00e1varo<\/strong>, e os governadores <strong>Helder Barbalho<\/strong> (Par\u00e1), <strong>Mauro Mendes<\/strong> (Mato Grosso) e <strong>Eduardo Riedel<\/strong> (Mato Grosso do Sul). Cada um trouxe sua vis\u00e3o sobre o papel do Brasil como l\u00edder global na produ\u00e7\u00e3o agroalimentar.<\/p>\n<p>Vilmondes Tomain, presidente da Famato, refor\u00e7ou a import\u00e2ncia do agroneg\u00f3cio para Mato Grosso. \u201c<em>O agroneg\u00f3cio \u00e9 a espinha dorsal do nosso estado. Somos respons\u00e1veis por grande parte da produ\u00e7\u00e3o de soja, milho e carne, que abastecem tanto o mercado interno quanto o externo. O FIAP \u00e9 um espa\u00e7o para troca de conhecimentos e parcerias estrat\u00e9gicas<\/em>\u201c, ressaltou.<\/p>\n<p><strong>Jorge Viana<\/strong>, presidente da Apex Brasil, tamb\u00e9m enfatizou o car\u00e1ter hist\u00f3rico do evento. \u201c<em>A realiza\u00e7\u00e3o deste f\u00f3rum registra um momento hist\u00f3rico. Podemos dividir o antes e o depois. O Brasil sediar o G20 \u00e9 uma oportunidade para construir uma narrativa verdadeira sobre o potencial deste pa\u00eds incr\u00edvel. Acredito que \u00e9 isso que o governo est\u00e1 fazendo<\/em>\u201c, destacou.<\/p>\n<h3 class=\"wp-block-heading\" id=\"h-desafios-climaticos-e-sustentaveis-na-pauta\"><strong>Desafios clim\u00e1ticos e sustent\u00e1veis na pauta<\/strong><\/h3>\n<p>Entre as discuss\u00f5es centrais, a crise clim\u00e1tica foi um ponto abordado por Jorge Viana. Ele destacou a necessidade de encontrar solu\u00e7\u00f5es e n\u00e3o apenas buscar culpados. \u201c<em>Essa fuma\u00e7a que estamos vendo em Cuiab\u00e1 n\u00e3o deve ser motivo para correr atr\u00e1s de culpados. Precisamos encontrar solu\u00e7\u00f5es. A crise clim\u00e1tica \u00e9 um desafio real<\/em>\u201c, alertou.<\/p>\n<p>O ministro Carlos F\u00e1varo ressaltou os esfor\u00e7os do governo brasileiro para reestabelecer a posi\u00e7\u00e3o do Brasil no cen\u00e1rio global. \u201c<em>A volta do presidente Lula ao comando do Brasil traz um desejo pessoal de que o pa\u00eds se reestabele\u00e7a na ordem mundial. Conseguimos abrir 184 novos mercados para os produtos da agropecu\u00e1ria brasileira. O Brasil, e o mundo, devem pensar o que e como produzir no futuro<\/em>\u201c, afirmou F\u00e1varo.<\/p>\n<h3 class=\"wp-block-heading\" id=\"h-tecnologia-e-inovacao-como-base-para-o-futuro\"><strong>Tecnologia e inova\u00e7\u00e3o como base para o futuro<\/strong><\/h3>\n<p>Outro tema crucial foi a import\u00e2ncia da tecnologia e da inova\u00e7\u00e3o para a sustentabilidade no campo. <strong>Daniel Carrara<\/strong>, diretor-geral do Senar Brasil, destacou o papel do Sistema CNA\/Senar na transfer\u00eancia de tecnologia para o campo. \u201c<em>A CNA e o Senar t\u00eam a miss\u00e3o de comunicar o agro e diminuir as diferen\u00e7as tecnol\u00f3gicas no pa\u00eds. N\u00e3o existe sustentabilidade sem tecnologia<\/em>\u201c, declarou Carrara.<\/p>\n<p><strong>Alexandre Furlan<\/strong>, vice-presidente da CNI, mencionou as contribui\u00e7\u00f5es do B20, que trabalha com sete for\u00e7as-tarefas, entre elas a dedicada \u00e0 agricultura e sistemas alimentares sustent\u00e1veis. \u201c<em>As conclus\u00f5es dessas for\u00e7as-tarefas nos ajudar\u00e3o a trazer benef\u00edcios ao Brasil e avan\u00e7os no cen\u00e1rio internacional<\/em>\u201c, disse.<\/p>\n<h3 class=\"wp-block-heading\" id=\"h-orgulho-e-responsabilidade-no-agronegocio\"><strong>Orgulho e responsabilidade no agroneg\u00f3cio<\/strong><\/h3>\n<p>Helder Barbalho, governador do Par\u00e1, exaltou o papel de Mato Grosso na produ\u00e7\u00e3o agropecu\u00e1ria e sua import\u00e2ncia para a seguran\u00e7a alimentar do Brasil e do mundo. \u201c<em>Destaco aqui o orgulho nacional que Mato Grosso se tornou. O estado compreendeu, a partir de sua voca\u00e7\u00e3o produtiva, que era poss\u00edvel alavancar a produ\u00e7\u00e3o de alimentos e tornar-se a locomotiva da produ\u00e7\u00e3o e da seguran\u00e7a alimentar que o Brasil adotou<\/em>\u201c, afirmou.<\/p>\n<p>O governador do Mato Grosso, Mauro Mendes, tamb\u00e9m refor\u00e7ou o protagonismo do Brasil como fornecedor global de alimentos. \u201c<em>Hoje, somos conhecidos como o maior exportador l\u00edquido de alimentos. Temos grande capacidade de continuar crescendo<\/em>\u201c, ressaltou Mendes.<\/p>\n<\/div>\n<p><br \/>\n<br \/><a href=\"https:\/\/www.canalrural.com.br\/agricultura\/favaro-defende-vocacao-agro-do-brasil-e-ampliacao-da-presenca-global-no-fiap-2024\/\">Source link <\/a><\/p>\n","protected":false},"excerpt":{"rendered":"<p>Nesta segunda-feira (9), o F\u00f3rum Internacional da Agropecu\u00e1ria (FIAP 2024) deu in\u00edcio \u00e0 sua programa\u00e7\u00e3o com a presen\u00e7a de grandes<\/p>\n","protected":false},"author":1,"featured_media":1262,"comment_status":"open","ping_status":"open","sticky":false,"template":"","format":"standard","meta":{"_monsterinsights_skip_tracking":false,"_monsterinsights_sitenote_active":false,"_monsterinsights_sitenote_note":"","_monsterinsights_sitenote_category":0,"_uf_show_specific_survey":0,"_uf_disable_surveys":false,"footnotes":""},"categories":[1],"tags":[],"class_list":["post-1261","post","type-post","status-publish","format-standard","has-post-thumbnail","hentry","category-news"],"_links":{"self":[{"href":"https:\/\/agromt.news\/index.php?rest_route=\/wp\/v2\/posts\/1261"}],"collection":[{"href":"https:\/\/agromt.news\/index.php?rest_route=\/wp\/v2\/posts"}],"about":[{"href":"https:\/\/agromt.news\/index.php?rest_route=\/wp\/v2\/types\/post"}],"author":[{"embeddable":true,"href":"https:\/\/agromt.news\/index.php?rest_route=\/wp\/v2\/users\/1"}],"replies":[{"embeddable":true,"href":"https:\/\/agromt.news\/index.php?rest_route=%2Fwp%2Fv2%2Fcomments&post=1261"}],"version-history":[{"count":0,"href":"https:\/\/agromt.news\/index.php?rest_route=\/wp\/v2\/posts\/1261\/revisions"}],"wp:featuredmedia":[{"embeddable":true,"href":"https:\/\/agromt.news\/index.php?rest_route=\/wp\/v2\/media\/1262"}],"wp:attachment":[{"href":"https:\/\/agromt.news\/index.php?rest_route=%2Fwp%2Fv2%2Fmedia&parent=1261"}],"wp:term":[{"taxonomy":"category","embeddable":true,"href":"https:\/\/agromt.news\/index.php?rest_route=%2Fwp%2Fv2%2Fcategories&post=1261"},{"taxonomy":"post_tag","embeddable":true,"href":"https:\/\/agromt.news\/index.php?rest_route=%2Fwp%2Fv2%2Ftags&post=1261"}],"curies":[{"name":"wp","href":"https:\/\/api.w.org\/{rel}","templated":true}]}}