{"id":1259,"date":"2024-09-09T13:47:55","date_gmt":"2024-09-09T17:47:55","guid":{"rendered":"https:\/\/agromt.news\/?p=1259"},"modified":"2024-09-09T13:47:55","modified_gmt":"2024-09-09T17:47:55","slug":"milho-precos-seguem-em-alta-no-brasil-clima-preocupa","status":"publish","type":"post","link":"https:\/\/agromt.news\/?p=1259","title":{"rendered":"Milho pre\u00e7os seguem em alta no Brasil; clima preocupa"},"content":{"rendered":"<p> <br \/>\n<br \/><img decoding=\"async\" src=\"https:\/\/agromt.news\/wp-content\/uploads\/2024\/09\/Milho-precos-seguem-em-alta-no-Brasil-clima-preocupa.jpeg\" \/><\/p>\n<div>\n<p>Levantamentos do <strong><a href=\"https:\/\/www.canalrural.com.br\/tag\/cepea\/\">Cepea<\/a><\/strong> mostram que os pre\u00e7os do milho seguem em alta no mercado dom\u00e9stico. <\/p>\n<p>Segundo pesquisadores, atentos \u00e0s recentes valoriza\u00e7\u00f5es externa e interna e preocupados com o clima nas principais regi\u00f5es produtoras da safra de ver\u00e3o do <strong><a href=\"https:\/\/www.canalrural.com.br\/nacional\/\">Brasil<\/a><\/strong>, vendedores v\u00eam limitando o volume ofertado. <\/p>\n<p><em>Confira na palma da m\u00e3o informa\u00e7\u00f5es quentes sobre agricultura, pecu\u00e1ria, economia e previs\u00e3o do tempo:<\/em><a href=\"https:\/\/www.whatsapp.com\/channel\/0029Va9VnZxGk1FplZjiW43k\"><em> <\/em><strong>siga o Canal Rural no WhatsApp<\/strong><\/a>!<\/p>\n<\/div>\n<div>\n<p>Do lado da demanda, pesquisadores do Cepea explicam que a procura internacional pelo milho brasileiro tem se aquecido, sustentada pela maior paridade de exporta\u00e7\u00e3o. <\/p>\n<p>Compradores internos tamb\u00e9m t\u00eam retomado as negocia\u00e7\u00f5es, seja para recompor estoques e\/ou por temerem novas valoriza\u00e7\u00f5es nos pr\u00f3ximos dias. Quanto aos embarques, em agosto, somaram 6,06 milh\u00f5es de toneladas de milho, praticamente o dobro das 3,55 milh\u00f5es escoadas em julho, mas ainda 35% inferiores aos de agosto\/23 \u2013 dados Secex.<\/p>\n<\/div>\n<p><br \/>\n<br \/><a href=\"https:\/\/www.canalrural.com.br\/agricultura\/milho-precos-seguem-em-alta-no-brasil-clima-preocupa\/\">Source link <\/a><\/p>\n","protected":false},"excerpt":{"rendered":"<p>Levantamentos do Cepea mostram que os pre\u00e7os do milho seguem em alta no mercado dom\u00e9stico. Segundo pesquisadores, atentos \u00e0s recentes<\/p>\n","protected":false},"author":1,"featured_media":1260,"comment_status":"open","ping_status":"open","sticky":false,"template":"","format":"standard","meta":{"_monsterinsights_skip_tracking":false,"_monsterinsights_sitenote_active":false,"_monsterinsights_sitenote_note":"","_monsterinsights_sitenote_category":0,"_uf_show_specific_survey":0,"_uf_disable_surveys":false,"footnotes":""},"categories":[1],"tags":[],"class_list":["post-1259","post","type-post","status-publish","format-standard","has-post-thumbnail","hentry","category-news"],"_links":{"self":[{"href":"https:\/\/agromt.news\/index.php?rest_route=\/wp\/v2\/posts\/1259"}],"collection":[{"href":"https:\/\/agromt.news\/index.php?rest_route=\/wp\/v2\/posts"}],"about":[{"href":"https:\/\/agromt.news\/index.php?rest_route=\/wp\/v2\/types\/post"}],"author":[{"embeddable":true,"href":"https:\/\/agromt.news\/index.php?rest_route=\/wp\/v2\/users\/1"}],"replies":[{"embeddable":true,"href":"https:\/\/agromt.news\/index.php?rest_route=%2Fwp%2Fv2%2Fcomments&post=1259"}],"version-history":[{"count":0,"href":"https:\/\/agromt.news\/index.php?rest_route=\/wp\/v2\/posts\/1259\/revisions"}],"wp:featuredmedia":[{"embeddable":true,"href":"https:\/\/agromt.news\/index.php?rest_route=\/wp\/v2\/media\/1260"}],"wp:attachment":[{"href":"https:\/\/agromt.news\/index.php?rest_route=%2Fwp%2Fv2%2Fmedia&parent=1259"}],"wp:term":[{"taxonomy":"category","embeddable":true,"href":"https:\/\/agromt.news\/index.php?rest_route=%2Fwp%2Fv2%2Fcategories&post=1259"},{"taxonomy":"post_tag","embeddable":true,"href":"https:\/\/agromt.news\/index.php?rest_route=%2Fwp%2Fv2%2Ftags&post=1259"}],"curies":[{"name":"wp","href":"https:\/\/api.w.org\/{rel}","templated":true}]}}