{"id":1249,"date":"2024-09-09T11:27:00","date_gmt":"2024-09-09T15:27:00","guid":{"rendered":"https:\/\/agromt.news\/?p=1249"},"modified":"2024-09-09T11:27:00","modified_gmt":"2024-09-09T15:27:00","slug":"soja-clima-e-cambio-impactam-o-mercado-interno","status":"publish","type":"post","link":"https:\/\/agromt.news\/?p=1249","title":{"rendered":"Soja: clima e c\u00e2mbio impactam o mercado interno"},"content":{"rendered":"<p> <br \/>\n<\/p>\n<div>\n<p>Nas \u00faltimas duas semanas, o <a href=\"https:\/\/www.canalrural.com.br\/agricultura\/projeto-soja-brasil\/\">mercado da soja<\/a> em Chicago ganhou for\u00e7a. A alta nos pre\u00e7os foi impulsionada, principalmente, por fatores clim\u00e1ticos e pelo c\u00e2mbio, que t\u00eam impacto direto no mercado interno. A previs\u00e3o de clima seco em setembro, especialmente nas regi\u00f5es centrais do Brasil, gera especula\u00e7\u00f5es, uma vez que o atraso das chuvas pode adiar o in\u00edcio do plantio.<\/p>\n<p>A semeadura, que j\u00e1 deveria estar em andamento no Paran\u00e1, continua suspensa por falta de previs\u00e3o de chuvas. Sem as condi\u00e7\u00f5es clim\u00e1ticas adequadas, as m\u00e1quinas permanecem paradas e os produtores demoram para entrar em campo, aumentando a incerteza no mercado e pressionando os pre\u00e7os para cima.<\/p>\n<p>\u201cAl\u00e9m do clima no Brasil, o cen\u00e1rio nos Estados Unidos tamb\u00e9m contribuiu para a alta. Embora a colheita norte-americana esteja prestes a come\u00e7ar, as lavouras pioraram levemente na \u00faltima semana, ainda que n\u00e3o estejam em condi\u00e7\u00f5es cr\u00edticas\u201d, afirma Luiz Fernando Gutierrez, consultor da Safras &amp; Mercado.<\/p>\n<\/div>\n<div>\n<p>Gutierrez destaca que o mercado, que j\u00e1 se encontrava sobrevendido, aproveitou esse momento de incerteza para ajustar os pre\u00e7os. Apesar da recupera\u00e7\u00e3o, ele alerta que o movimento ainda n\u00e3o \u00e9 definitivo e que outros fatores podem influenciar a tend\u00eancia dos pr\u00f3ximos meses.<\/p>\n<p class=\"has-text-align-center\"><em>Confira na palma da m\u00e3o informa\u00e7\u00f5es quentes sobre agricultura, pecu\u00e1ria, economia e previs\u00e3o do tempo:<\/em><a href=\"https:\/\/whatsapp.com\/channel\/0029Va9VnZxGk1FplZjiW43k\"><strong><em>\u00a0siga o Canal Rura<\/em><\/strong><\/a><a href=\"https:\/\/www.whatsapp.com\/channel\/0029Va9VnZxGk1FplZjiW43k\"><strong><em>l no WhatsApp!<\/em><\/strong><\/a><\/p>\n<h2 class=\"wp-block-heading\" id=\"h-cambio\">C\u00e2mbio<\/h2>\n<figure class=\"wp-block-image size-large is-resized\"><img fetchpriority=\"high\" decoding=\"async\" width=\"640\" height=\"427\" alt=\"pre\u00e7o da soja, produt\" class=\"wp-image-269564\" style=\"width:666px;height:auto\" src=\"https:\/\/agromt.news\/wp-content\/uploads\/2024\/09\/Soja-clima-e-cambio-impactam-o-mercado-interno.jpg\"\/><img decoding=\"async\" width=\"640\" height=\"427\" src=\"https:\/\/agromt.news\/wp-content\/uploads\/2024\/09\/Soja-clima-e-cambio-impactam-o-mercado-interno.jpg\" alt=\"pre\u00e7o da soja, produt\" class=\"wp-image-269564\" style=\"width:666px;height:auto\"\/><figcaption class=\"wp-element-caption\">Foto: Pixabay\/montagem<\/figcaption><\/figure>\n<p>Outro fator importante foi o c\u00e2mbio, que voltou a trabalhar em torno de R$ 5,70 ao longo de agosto, favorecendo o pre\u00e7o da soja no mercado interno. Al\u00e9m disso, os pr\u00eamios tamb\u00e9m se mant\u00eam firmes, reflexo de uma oferta mais restrita no Brasil nesta temporada, especialmente nos \u00faltimos meses do ano.<\/p>\n<p>\u201cEsse recente movimento de alta deve ser aproveitado pelo produtor, especialmente para a nova safra. Se as chuvas chegarem no final de setembro ou in\u00edcio de outubro, a chance de uma safra recorde no Brasil e na Argentina \u00e9 alta, o que pode elevar a produ\u00e7\u00e3o global, aumentar os estoques e pressionar os pre\u00e7os para baixo\u201d, comenta Luiz Fernando.<\/p>\n<h2 class=\"wp-block-heading\" id=\"h-tendencia-para-2025\">Tend\u00eancia para 2025 <\/h2>\n<figure class=\"wp-block-image size-large\"><img decoding=\"async\" width=\"1024\" height=\"575\" alt=\"soja, estimativa, gr\u00e3os, IBGE, milho, produ\u00e7\u00e3o baiana\" class=\"wp-image-4063252\"  data-lazy- src=\"https:\/\/agromt.news\/wp-content\/uploads\/2024\/08\/Soja-dolar-e-premio-de-exportacao-impulsionam-cotacoes-internas.jpg\"\/><img loading=\"lazy\" decoding=\"async\" width=\"1024\" height=\"575\" src=\"https:\/\/agromt.news\/wp-content\/uploads\/2024\/08\/Soja-dolar-e-premio-de-exportacao-impulsionam-cotacoes-internas.jpg\" alt=\"soja, estimativa, gr\u00e3os, IBGE, milho, produ\u00e7\u00e3o baiana\" class=\"wp-image-4063252\"  \/><figcaption class=\"wp-element-caption\">Foto: Guilherme Soares\/Canal Rural BA<\/figcaption><\/figure>\n<p>A tend\u00eancia para o primeiro trimestre de 2025 \u00e9 de pre\u00e7os mais baixos, caso uma safra robusta seja colhida na Am\u00e9rica do Sul. No curto prazo, pode haver movimentos especulativos, mas a perspectiva macroecon\u00f4mica \u00e9 mais negativa para os pre\u00e7os no longo prazo. Assim, o produtor deve ficar atento e aproveitar os momentos de alta no mercado atual.<\/p>\n<\/div>\n<p><br \/>\n<br \/><a href=\"https:\/\/www.canalrural.com.br\/agricultura\/projeto-soja-brasil\/soja-clima-e-cambio-impactam-o-mercado-interno\/\">Source link <\/a><\/p>\n","protected":false},"excerpt":{"rendered":"<p>Nas \u00faltimas duas semanas, o mercado da soja em Chicago ganhou for\u00e7a. A alta nos pre\u00e7os foi impulsionada, principalmente, por<\/p>\n","protected":false},"author":1,"featured_media":1250,"comment_status":"open","ping_status":"open","sticky":false,"template":"","format":"standard","meta":{"_monsterinsights_skip_tracking":false,"_monsterinsights_sitenote_active":false,"_monsterinsights_sitenote_note":"","_monsterinsights_sitenote_category":0,"_uf_show_specific_survey":0,"_uf_disable_surveys":false,"footnotes":""},"categories":[1],"tags":[],"class_list":["post-1249","post","type-post","status-publish","format-standard","has-post-thumbnail","hentry","category-news"],"_links":{"self":[{"href":"https:\/\/agromt.news\/index.php?rest_route=\/wp\/v2\/posts\/1249"}],"collection":[{"href":"https:\/\/agromt.news\/index.php?rest_route=\/wp\/v2\/posts"}],"about":[{"href":"https:\/\/agromt.news\/index.php?rest_route=\/wp\/v2\/types\/post"}],"author":[{"embeddable":true,"href":"https:\/\/agromt.news\/index.php?rest_route=\/wp\/v2\/users\/1"}],"replies":[{"embeddable":true,"href":"https:\/\/agromt.news\/index.php?rest_route=%2Fwp%2Fv2%2Fcomments&post=1249"}],"version-history":[{"count":0,"href":"https:\/\/agromt.news\/index.php?rest_route=\/wp\/v2\/posts\/1249\/revisions"}],"wp:featuredmedia":[{"embeddable":true,"href":"https:\/\/agromt.news\/index.php?rest_route=\/wp\/v2\/media\/1250"}],"wp:attachment":[{"href":"https:\/\/agromt.news\/index.php?rest_route=%2Fwp%2Fv2%2Fmedia&parent=1249"}],"wp:term":[{"taxonomy":"category","embeddable":true,"href":"https:\/\/agromt.news\/index.php?rest_route=%2Fwp%2Fv2%2Fcategories&post=1249"},{"taxonomy":"post_tag","embeddable":true,"href":"https:\/\/agromt.news\/index.php?rest_route=%2Fwp%2Fv2%2Ftags&post=1249"}],"curies":[{"name":"wp","href":"https:\/\/api.w.org\/{rel}","templated":true}]}}