{"id":1246,"date":"2024-09-09T10:26:28","date_gmt":"2024-09-09T14:26:28","guid":{"rendered":"https:\/\/agromt.news\/?p=1246"},"modified":"2024-09-09T10:26:28","modified_gmt":"2024-09-09T14:26:28","slug":"parana-deve-enfrentar-nova-onda-de-calor-e-baixa-umidade-do-ar","status":"publish","type":"post","link":"https:\/\/agromt.news\/?p=1246","title":{"rendered":"Paran\u00e1 deve enfrentar nova onda de calor e baixa umidade do ar"},"content":{"rendered":"<p> <br \/>\n<br \/><img decoding=\"async\" src=\"https:\/\/agromt.news\/wp-content\/uploads\/2024\/08\/termometros-vao-registrar-calor-acima-de-35-\u00b0C-hoje.jpg\" \/><\/p>\n<div>\n<p>O estado do Paran\u00e1 deve enfrentar, a partir desta semana, nova <strong><a href=\"https:\/\/www.canalrural.com.br\/tempo\/\">onda de calor<\/a><\/strong>, sobretudo na regi\u00e3o dos Campos Gerais, no centro-sul do estado e na capital, <strong><a href=\"https:\/\/www.canalrural.com.br\/nacional\/parana\/\">Curitiba<\/a><\/strong>. O alerta foi feito na sexta-feira (6) pelo meteorologista do Sistema Meteorol\u00f3gico do Paran\u00e1 (Simepar), Lizandro Jac\u00f3bsen.<\/p>\n<p>Segundo ele, j\u00e1 no fim de semana haveria gradativa eleva\u00e7\u00e3o das temperaturas, \u201cvoltando a fazer bastante calor em grande parte das regi\u00f5es paranaenses\u201d, disse. \u201cS\u00f3 o litoral e a Serra do Mar seguem com temperatura amena.\u201d<\/p>\n<p><em>Confira na palma da m\u00e3o informa\u00e7\u00f5es quentes sobre agricultura, pecu\u00e1ria, economia e previs\u00e3o do tempo:<\/em><a href=\"https:\/\/www.whatsapp.com\/channel\/0029Va9VnZxGk1FplZjiW43k\"><em> <\/em><strong>siga o Canal Rural no WhatsApp<\/strong><\/a>!<\/p>\n<\/div>\n<div>\n<p>Jac\u00f3bsen advertiu tamb\u00e9m que, nesta semana que se inicia, al\u00e9m das altas temperaturas, a onda de calor vir\u00e1 acompanhada de baixa umidade do ar, \u201cabaixo dos 30% no per\u00edodo de maior aquecimento\u201d. <\/p>\n<p>\u201cOutra ressalva \u00e9 que a qualidade do ar volta a ficar ruim, pelo ingresso de material particulado das queimadas no Centro-Oeste e Norte do Brasil.\u201d A m\u00e9dia da umidade relativa do ar m\u00ednima para a semana pode ser inferior a 20% nas regi\u00f5es norte e noroeste e menor do que 30% nas regi\u00f5es central e sudoeste do Paran\u00e1, conforme a Simepar. Somente o litoral deve registrar umidade relativa m\u00ednima superior a 60% no per\u00edodo.<\/p>\n<p>Na quarta-feira passada (4), o governo do Paran\u00e1 j\u00e1 havia decretado situa\u00e7\u00e3o de emerg\u00eancia em todo o estado por causa da estiagem que atinge v\u00e1rios munic\u00edpios desde o m\u00eas passado. <\/p>\n<p>\u201cSomente em agosto, o Paran\u00e1 registrou cerca de 20 mil focos de calor, aproximadamente seis vezes mais do que foi registrado em julho\u201d, diz em nota o governo paranaense. Ainda conforme a nota, a situa\u00e7\u00e3o deve persistir pelo menos at\u00e9 metade de setembro.<\/p>\n<\/div>\n<p><br \/>\n<br \/><a href=\"https:\/\/www.canalrural.com.br\/nacional\/parana\/parana-deve-enfrentar-nova-onda-de-calor-e-baixa-umidade-do-ar\/\">Source link <\/a><\/p>\n","protected":false},"excerpt":{"rendered":"<p>O estado do Paran\u00e1 deve enfrentar, a partir desta semana, nova onda de calor, sobretudo na regi\u00e3o dos Campos Gerais,<\/p>\n","protected":false},"author":1,"featured_media":959,"comment_status":"open","ping_status":"open","sticky":false,"template":"","format":"standard","meta":{"_monsterinsights_skip_tracking":false,"_monsterinsights_sitenote_active":false,"_monsterinsights_sitenote_note":"","_monsterinsights_sitenote_category":0,"_uf_show_specific_survey":0,"_uf_disable_surveys":false,"footnotes":""},"categories":[1],"tags":[],"class_list":["post-1246","post","type-post","status-publish","format-standard","has-post-thumbnail","hentry","category-news"],"_links":{"self":[{"href":"https:\/\/agromt.news\/index.php?rest_route=\/wp\/v2\/posts\/1246"}],"collection":[{"href":"https:\/\/agromt.news\/index.php?rest_route=\/wp\/v2\/posts"}],"about":[{"href":"https:\/\/agromt.news\/index.php?rest_route=\/wp\/v2\/types\/post"}],"author":[{"embeddable":true,"href":"https:\/\/agromt.news\/index.php?rest_route=\/wp\/v2\/users\/1"}],"replies":[{"embeddable":true,"href":"https:\/\/agromt.news\/index.php?rest_route=%2Fwp%2Fv2%2Fcomments&post=1246"}],"version-history":[{"count":0,"href":"https:\/\/agromt.news\/index.php?rest_route=\/wp\/v2\/posts\/1246\/revisions"}],"wp:featuredmedia":[{"embeddable":true,"href":"https:\/\/agromt.news\/index.php?rest_route=\/wp\/v2\/media\/959"}],"wp:attachment":[{"href":"https:\/\/agromt.news\/index.php?rest_route=%2Fwp%2Fv2%2Fmedia&parent=1246"}],"wp:term":[{"taxonomy":"category","embeddable":true,"href":"https:\/\/agromt.news\/index.php?rest_route=%2Fwp%2Fv2%2Fcategories&post=1246"},{"taxonomy":"post_tag","embeddable":true,"href":"https:\/\/agromt.news\/index.php?rest_route=%2Fwp%2Fv2%2Ftags&post=1246"}],"curies":[{"name":"wp","href":"https:\/\/api.w.org\/{rel}","templated":true}]}}