{"id":1244,"date":"2024-09-09T10:16:34","date_gmt":"2024-09-09T14:16:34","guid":{"rendered":"https:\/\/agromt.news\/?p=1244"},"modified":"2024-09-09T10:16:34","modified_gmt":"2024-09-09T14:16:34","slug":"avicultura-sem-antibioticos-estudo-inovador","status":"publish","type":"post","link":"https:\/\/agromt.news\/?p=1244","title":{"rendered":"Avicultura sem antibi\u00f3ticos: Estudo inovador"},"content":{"rendered":"<p> <br \/>\n<\/p>\n<div>\n<div class=\"row\">\n<div class=\"col-lg col-infos mt-3 mt-lg-0\">\n<div class=\"section-sub-title\">\n<p itemprop=\"description\">\nUma dessas alternativas \u00e9 o uso de \u00f3leos essenciais\n<\/p>\n<\/div>\n<div class=\"container\">\n<div class=\"row\">\n<div class=\"col-lg p-0\">\n<div>\n<div class=\"block-news-main-infos mt-3 text-start\">\n<strong class=\"fn\" itemprop=\"author\" style=\"color: rgb(112, 112, 112); \"><br \/>\n<a href=\"https:\/\/www.agrolink.com.br\/noticias\/javascript:;\" class=\"text-uppercase\" target=\"_blank\" style=\"color: rgb(112, 112, 112); \" rel=\"noopener\">Agrolink<\/a><br \/>\n&#8211; Leonardo Gottems<br \/>\n<\/strong><br \/>\n<br \/>\n<abbr><time datetime=\"2024-09-07T14:15\" itemprop=\"datePublished dateModified\">Publicado em 07\/09\/2024 \u00e0s 14:15h.<\/time><\/abbr>\n<\/div>\n<\/div>\n<\/div>\n<div class=\"col-lg p-0 text-lg-end\">\n<div>\n<div id=\"mdEnviarPagina\" class=\"modal fade\" role=\"dialog\">\n<div class=\"modal-dialog\">\n<div class=\"modal-content\">\n<div class=\"modal-body\">\n<p><strong>Estimado usu\u00e1rio.<\/strong><br \/>Preencha o formul\u00e1rio abaixo para remeter a p\u00e1gina.<\/p>\n<\/div>\n<\/div>\n<\/div>\n<\/div>\n<\/div>\n<\/div>\n<\/div>\n<\/div>\n<\/div>\n<\/div>\n<div class=\"row justify-content-md-center mt-3\">\n<div class=\"col-lg-auto col-image  block-news-main-image d-none d-md-block\">\n<img decoding=\"async\" src=\"https:\/\/www.agrolink.com.br\/upload\/imagens-resizes\/12ffb8a691444453a89261d3b16dee80_858x483.jpg\" class=\"lazyload\" alt=\"Uma dessas alternativas \u00e9 o uso de \u00f3leos essenciais\"\/><br \/>\n<span class=\"d-block mt-1\">Uma dessas alternativas \u00e9 o uso de \u00f3leos essenciais &#8211; Foto: Canva<\/span>\n<\/div>\n<\/div>\n<div class=\"section-description section-description-noticias mt-3\">\n<p>O uso de antibi\u00f3ticos promotores de crescimento (APCs) na produ\u00e7\u00e3o animal est\u00e1 sendo cada vez mais limitado devido ao risco de desenvolvimento de resist\u00eancia bacteriana, tanto em animais quanto em humanos. Seguindo orienta\u00e7\u00f5es da Organiza\u00e7\u00e3o Mundial da Sa\u00fade, muitos pa\u00edses j\u00e1 proibiram o uso desses antibi\u00f3ticos, incentivando pr\u00e1ticas mais seguras. A m\u00e9dica-veterin\u00e1ria Maria Carolina Toth, da MCassab Nutri\u00e7\u00e3o e Sa\u00fade Animal, destaca que essa mudan\u00e7a est\u00e1 direcionando o mercado de prote\u00ednas animais para a busca de alternativas mais seguras e sustent\u00e1veis.\n<\/p>\n<p>Uma dessas alternativas \u00e9 o uso de \u00f3leos essenciais, como demonstrado em estudo da Universidade Brasil em parceria com a MCassab Nutri\u00e7\u00e3o e Sa\u00fade Animal. Segundo o m\u00e9dico-veterin\u00e1rio Cleber Mansano, esses compostos t\u00eam propriedades antibacterianas, antivirais e antif\u00fangicas, al\u00e9m de efeitos imunomoduladores e digestivos. O estudo tamb\u00e9m destacou a capacidade dos \u00f3leos essenciais de reduzir o estresse t\u00e9rmico nas aves, uma preocupa\u00e7\u00e3o constante na avicultura.<\/p>\n<p>A pesquisa, realizada com 480 pintos, avaliou o ganho de peso, consumo de ra\u00e7\u00e3o e convers\u00e3o alimentar at\u00e9 os 42 dias de vida. Os resultados foram promissores, com as aves alimentadas com dietas contendo \u00f3leos essenciais apresentando um ganho de peso superior a 100 g em rela\u00e7\u00e3o \u00e0 dieta controle, mantendo a produtividade sem o uso de APCs. Isso refor\u00e7a o potencial dos \u00f3leos essenciais como uma solu\u00e7\u00e3o vi\u00e1vel na transi\u00e7\u00e3o para uma produ\u00e7\u00e3o mais sustent\u00e1vel.\n<\/p>\n<p>Para apoiar os produtores nessa adapta\u00e7\u00e3o, a MCassab oferece o Bioessence, um \u00f3leo essencial que melhora a sa\u00fade intestinal das aves e promove melhor desempenho zoot\u00e9cnico. A m\u00e9dica-veterin\u00e1ria Mariana Rosetti afirma que o produto \u00e9 composto por um blend de ativos sin\u00e9rgicos que aumenta a efici\u00eancia produtiva e reduz custos, oferecendo solu\u00e7\u00f5es de qualidade para o produtor.<br \/>\u00a0<\/p>\n<\/div>\n<\/div>\n<p><script data-cfasync=\"false\">\n    !function (f, b, e, v, n, t, s) {\n        if (f.fbq) return; n = f.fbq = function () {\n            n.callMethod ?\n                n.callMethod.apply(n, arguments) : n.queue.push(arguments)\n        };\n        if (!f._fbq) f._fbq = n; n.push = n; n.loaded = !0; n.version = '2.0';\n        n.queue = []; t = b.createElement(e); t.async = !0;\n        t.src = v; s = b.getElementsByTagName(e)[0];\n        s.parentNode.insertBefore(t, s)\n    }(window, document, 'script',\n        'https:\/\/connect.facebook.net\/en_US\/fbevents.js');\n    fbq('init', '522546078623747');\n    fbq('track', 'PageView');\n<\/script><br \/>\n<br \/><br \/>\n<br \/><a href=\"https:\/\/www.agrolink.com.br\/noticias\/avicultura-sem-antibioticos--estudo-inovador_494751.html\">Source link <\/a><\/p>\n","protected":false},"excerpt":{"rendered":"<p>Uma dessas alternativas \u00e9 o uso de \u00f3leos essenciais Agrolink &#8211; Leonardo Gottems Publicado em 07\/09\/2024 \u00e0s 14:15h. Estimado usu\u00e1rio.Preencha<\/p>\n","protected":false},"author":1,"featured_media":1245,"comment_status":"open","ping_status":"open","sticky":false,"template":"","format":"standard","meta":{"_monsterinsights_skip_tracking":false,"_monsterinsights_sitenote_active":false,"_monsterinsights_sitenote_note":"","_monsterinsights_sitenote_category":0,"_uf_show_specific_survey":0,"_uf_disable_surveys":false,"footnotes":""},"categories":[8,1,14],"tags":[],"class_list":["post-1244","post","type-post","status-publish","format-standard","has-post-thumbnail","hentry","category-agro","category-news","category-politica-agro"],"_links":{"self":[{"href":"https:\/\/agromt.news\/index.php?rest_route=\/wp\/v2\/posts\/1244"}],"collection":[{"href":"https:\/\/agromt.news\/index.php?rest_route=\/wp\/v2\/posts"}],"about":[{"href":"https:\/\/agromt.news\/index.php?rest_route=\/wp\/v2\/types\/post"}],"author":[{"embeddable":true,"href":"https:\/\/agromt.news\/index.php?rest_route=\/wp\/v2\/users\/1"}],"replies":[{"embeddable":true,"href":"https:\/\/agromt.news\/index.php?rest_route=%2Fwp%2Fv2%2Fcomments&post=1244"}],"version-history":[{"count":0,"href":"https:\/\/agromt.news\/index.php?rest_route=\/wp\/v2\/posts\/1244\/revisions"}],"wp:featuredmedia":[{"embeddable":true,"href":"https:\/\/agromt.news\/index.php?rest_route=\/wp\/v2\/media\/1245"}],"wp:attachment":[{"href":"https:\/\/agromt.news\/index.php?rest_route=%2Fwp%2Fv2%2Fmedia&parent=1244"}],"wp:term":[{"taxonomy":"category","embeddable":true,"href":"https:\/\/agromt.news\/index.php?rest_route=%2Fwp%2Fv2%2Fcategories&post=1244"},{"taxonomy":"post_tag","embeddable":true,"href":"https:\/\/agromt.news\/index.php?rest_route=%2Fwp%2Fv2%2Ftags&post=1244"}],"curies":[{"name":"wp","href":"https:\/\/api.w.org\/{rel}","templated":true}]}}