{"id":1238,"date":"2024-09-09T09:16:18","date_gmt":"2024-09-09T13:16:18","guid":{"rendered":"https:\/\/agromt.news\/?p=1238"},"modified":"2024-09-09T09:16:18","modified_gmt":"2024-09-09T13:16:18","slug":"incendio-queima-10-mil-hectares-do-parque-da-chapada-dos-veadeiros","status":"publish","type":"post","link":"https:\/\/agromt.news\/?p=1238","title":{"rendered":"Inc\u00eandio queima 10 mil hectares do Parque da Chapada dos Veadeiros"},"content":{"rendered":"<p> <br \/>\n<\/p>\n<div>\n<p>Um inc\u00eandio iniciado na \u00faltima quinta-feira (5) destruiu 10 mil hectares do <strong>Parque Nacional da Chapada dos Veadeiros<\/strong>, em Goi\u00e1s. De acordo com a administra\u00e7\u00e3o da unidade de preserva\u00e7\u00e3o, a \u00e1rea atingida \u00e9 ainda uma estimativa e fica entre o Paralelo 14 e a Cachoeira Sim\u00e3o Correia.<img decoding=\"async\" src=\"https:\/\/agromt.news\/wp-content\/uploads\/2024\/09\/Incendio-queima-10-mil-hectares-do-Parque-da-Chapada-dos.png\"\/><img decoding=\"async\" src=\"https:\/\/agromt.news\/wp-content\/uploads\/2024\/09\/Incendio-queima-10-mil-hectares-do-Parque-da-Chapada-dos.png\"\/><img decoding=\"async\" src=\"https:\/\/agromt.news\/wp-content\/uploads\/2024\/09\/Incendio-queima-10-mil-hectares-do-Parque-da-Chapada-dos.gif\"\/><img decoding=\"async\" src=\"https:\/\/agromt.news\/wp-content\/uploads\/2024\/09\/Incendio-queima-10-mil-hectares-do-Parque-da-Chapada-dos.gif\"\/><\/p>\n<p><em>Confira na palma da m\u00e3o informa\u00e7\u00f5es quentes sobre agricultura, pecu\u00e1ria, economia e previs\u00e3o do tempo:<\/em><a href=\"https:\/\/www.whatsapp.com\/channel\/0029Va9VnZxGk1FplZjiW43k\"><em> <\/em><strong>siga o Canal Rural no WhatsApp<\/strong><\/a>!<\/p>\n<p>Em nota divulgada ontem (7), a chefia do parque informou que ainda n\u00e3o sabia o que ou quem provocou o inc\u00eandio, o que sinaliza que a unidade de preserva\u00e7\u00e3o entende que pode ter sido criminoso. Na mensagem, tamb\u00e9m destaca que, desde o come\u00e7o o Instituto Chico Mendes de Conserva\u00e7\u00e3o da Biodiversidade (<a href=\"https:\/\/www.canalrural.com.br\/tag\/icmbio\/\">ICMBio<\/a>) e o PrevFogo, do Instituto Brasileiro do Meio Ambiente e dos Recursos Naturais Renov\u00e1veis (Ibama), escalaram efetivos para ajudar a debelar o inc\u00eandio, junto com o Corpo de Bombeiros Militar de Goi\u00e1s. A expectativa era de que hoje fossem enviadas \u00e0 localidade duas aeronaves, o que a reportagem n\u00e3o conseguiu confirmar, j\u00e1 que n\u00e3o teve sucesso nas tentativas de contato.<\/p>\n<\/div>\n<div>\n<p>Um grupo organizado pelo Polo de EcoCi\u00eancias do Cerrado realizou hoje (8), pelo segundo dia consecutivo, um mutir\u00e3o para avaliar as condi\u00e7\u00f5es da Reserva Privada do Patrim\u00f4nio Natural (RPPN) Campo \u00damido Voshysias, em Alto Para\u00edso de Goi\u00e1s, pr\u00f3xima ao Parque Nacional. Assim como a RPPN Murundu,\u00a0visitada neste s\u00e1bado (7) no mesmo munic\u00edpio, o local foi afetado por um inc\u00eandio e precisou ser examinado mais de perto, demandando tamb\u00e9m a retirada de esp\u00e9cies de plantas ex\u00f3ticas invasoras.<\/p>\n<p>A rede de combate \u00e0s chamas conta, ainda, com a Rede Contrafogo, que articula brigadas de volunt\u00e1rios, e o Instituto Biorregional do Cerrado (IBC). Em um v\u00eddeo postado nas redes sociais, Ivan Anjo, da Rede Contrafogo, compartilha informa\u00e7\u00f5es sobre outro ponto atingido por chamas, o lix\u00e3o de Alto Para\u00edso de Goi\u00e1s.<\/p>\n<p>\u201c<em>Todo ano \u00e9 a mesma coisa. O lix\u00e3o pega fogo sempre na mesma semana! Em 2021 foi no dia 7 de setembro, 2022 foi dia 4 de setembro, em 2023 n\u00e3o teve (oh gl\u00f3ria) e esse ano, 6 de setembro iniciado perto das 22h,\u00a0enquanto ainda cuidavam do fogo no Pouso Alto [tamb\u00e9m em Alto Para\u00edso]. Seria s\u00f3 coincid\u00eancia? A prefeitura n\u00e3o se organiza pra fiscalizar, vigiar e muito menos pra combater. Parecem gostar que o lix\u00e3o diminua seu volume todo ano pra ter menos o que administrar. Dezenas de fam\u00edlias tiveram que abandonar suas casas ontem devido a essa incompet\u00eancia. Ou seria maldade mesmo? O que voc\u00ea acha?<\/em>\u201c, diz o texto que acompanha o v\u00eddeo. Nos coment\u00e1rios da postagem, moradores da cidade\u00a0concordam com o brigadista e fazem cr\u00edticas \u00e0 gest\u00e3o municipal.<\/p>\n<p>O Parque Nacional da Chapada dos Veadeiros \u00e9 um dos locais de preserva\u00e7\u00e3o do\u00a0Cerrado, conhecido como \u201cber\u00e7o das \u00e1guas\u201d e que, apesar disso,\u00a0pode perder cerca de 34% do fluxo dos rios at\u00e9 2050. De acordo com monitoramento do Instituto Nacional de Pesquisas Espaciais (Inpe), somente este ano, at\u00e9 ontem (7), foram detectados 48.966 focos de queimada no bioma, que s\u00f3 perde para a Amaz\u00f4nia (79.175).<\/p>\n<p>A\u00a0Ag\u00eancia Brasil\u00a0tentou contato com o ICMBio, o Ibama e a prefeitura de Alto Para\u00edso de Goi\u00e1s, mas n\u00e3o teve retorno at\u00e9 o fechamento desta mat\u00e9ria.<\/p>\n<\/div>\n<p><br \/>\n<br \/><a href=\"https:\/\/www.canalrural.com.br\/nacional\/incendio-queima-10-mil-hectares-do-parque-da-chapada-dos-veadeiros\/\">Source link <\/a><\/p>\n","protected":false},"excerpt":{"rendered":"<p>Um inc\u00eandio iniciado na \u00faltima quinta-feira (5) destruiu 10 mil hectares do Parque Nacional da Chapada dos Veadeiros, em Goi\u00e1s.<\/p>\n","protected":false},"author":1,"featured_media":1239,"comment_status":"open","ping_status":"open","sticky":false,"template":"","format":"standard","meta":{"_monsterinsights_skip_tracking":false,"_monsterinsights_sitenote_active":false,"_monsterinsights_sitenote_note":"","_monsterinsights_sitenote_category":0,"_uf_show_specific_survey":0,"_uf_disable_surveys":false,"footnotes":""},"categories":[1],"tags":[],"class_list":["post-1238","post","type-post","status-publish","format-standard","has-post-thumbnail","hentry","category-news"],"_links":{"self":[{"href":"https:\/\/agromt.news\/index.php?rest_route=\/wp\/v2\/posts\/1238"}],"collection":[{"href":"https:\/\/agromt.news\/index.php?rest_route=\/wp\/v2\/posts"}],"about":[{"href":"https:\/\/agromt.news\/index.php?rest_route=\/wp\/v2\/types\/post"}],"author":[{"embeddable":true,"href":"https:\/\/agromt.news\/index.php?rest_route=\/wp\/v2\/users\/1"}],"replies":[{"embeddable":true,"href":"https:\/\/agromt.news\/index.php?rest_route=%2Fwp%2Fv2%2Fcomments&post=1238"}],"version-history":[{"count":0,"href":"https:\/\/agromt.news\/index.php?rest_route=\/wp\/v2\/posts\/1238\/revisions"}],"wp:featuredmedia":[{"embeddable":true,"href":"https:\/\/agromt.news\/index.php?rest_route=\/wp\/v2\/media\/1239"}],"wp:attachment":[{"href":"https:\/\/agromt.news\/index.php?rest_route=%2Fwp%2Fv2%2Fmedia&parent=1238"}],"wp:term":[{"taxonomy":"category","embeddable":true,"href":"https:\/\/agromt.news\/index.php?rest_route=%2Fwp%2Fv2%2Fcategories&post=1238"},{"taxonomy":"post_tag","embeddable":true,"href":"https:\/\/agromt.news\/index.php?rest_route=%2Fwp%2Fv2%2Ftags&post=1238"}],"curies":[{"name":"wp","href":"https:\/\/api.w.org\/{rel}","templated":true}]}}