{"id":1233,"date":"2024-09-09T08:17:22","date_gmt":"2024-09-09T12:17:22","guid":{"rendered":"https:\/\/agromt.news\/?p=1233"},"modified":"2024-09-09T08:17:22","modified_gmt":"2024-09-09T12:17:22","slug":"buracos-ameacam-agricultura-na-turquia","status":"publish","type":"post","link":"https:\/\/agromt.news\/?p=1233","title":{"rendered":"Buracos amea\u00e7am agricultura na Turquia"},"content":{"rendered":"<p> <br \/>\n<\/p>\n<div>\n<div class=\"row\">\n<div class=\"col-lg col-infos mt-3 mt-lg-0\">\n<div class=\"section-sub-title\">\n<p itemprop=\"description\">\nAutoridades monitoram a situa\u00e7\u00e3o\n<\/p>\n<\/div>\n<div class=\"container\">\n<div class=\"row\">\n<div class=\"col-lg p-0\">\n<div>\n<div class=\"block-news-main-infos mt-3 text-start\">\n<strong class=\"fn\" itemprop=\"author\" style=\"color: rgb(112, 112, 112); \"><br \/>\n<a href=\"https:\/\/www.agrolink.com.br\/noticias\/javascript:;\" class=\"text-uppercase\" target=\"_blank\" style=\"color: rgb(112, 112, 112); \" rel=\"noopener\">Agrolink<\/a><br \/>\n&#8211; Leonardo Gottems<br \/>\n<\/strong><br \/>\n<br \/>\n<abbr><time datetime=\"2024-09-07T14:36\" itemprop=\"datePublished dateModified\">Publicado em 07\/09\/2024 \u00e0s 14:36h.<\/time><\/abbr>\n<\/div>\n<\/div>\n<\/div>\n<div class=\"col-lg p-0 text-lg-end\">\n<div>\n<div id=\"mdEnviarPagina\" class=\"modal fade\" role=\"dialog\">\n<div class=\"modal-dialog\">\n<div class=\"modal-content\">\n<div class=\"modal-body\">\n<p><strong>Estimado usu\u00e1rio.<\/strong><br \/>Preencha o formul\u00e1rio abaixo para remeter a p\u00e1gina.<\/p>\n<\/div>\n<\/div>\n<\/div>\n<\/div>\n<\/div>\n<\/div>\n<\/div>\n<\/div>\n<\/div>\n<\/div>\n<div class=\"row justify-content-md-center mt-3\">\n<div class=\"col-lg-auto col-image  block-news-main-image d-none d-md-block\">\n<img decoding=\"async\" src=\"https:\/\/www.agrolink.com.br\/upload\/imagens-resizes\/0acc9732c94040a18c7409b0383e5134_858x483.jpg\" class=\"lazyload\" alt=\"Esses sumidouros est\u00e3o avan\u00e7ando para zonas cada vez mais cr\u00edticas\"\/><br \/>\n<span class=\"d-block mt-1\">Esses sumidouros est\u00e3o avan\u00e7ando para zonas cada vez mais cr\u00edticas &#8211; Foto: Nadia Borges<\/span>\n<\/div>\n<\/div>\n<div class=\"section-description section-description-noticias mt-3\">\n<p>A plan\u00edcie de Konya, na Turquia, conhecida como &#8220;o celeiro do pa\u00eds&#8221;, est\u00e1 enfrentando uma grave amea\u00e7a devido ao surgimento de mais de 2.600 buracos na terra, conhecidos como sumidouros. Essas forma\u00e7\u00f5es, que variam em tamanho, s\u00e3o causadas pela seca severa e pelo consumo excessivo das \u00e1guas subterr\u00e2neas, colocando em risco tanto a agricultura quanto \u00e1reas residenciais da regi\u00e3o. A amea\u00e7a vem crescendo, especialmente em distritos como Cihanbeyli, Yunak, Kulu, Saray\u00f6n\u00fc e Kadinhani, locais tradicionalmente reconhecidos pela alta produ\u00e7\u00e3o de cereais, que agora veem suas atividades econ\u00f4micas em perigo.\n<\/p>\n<p>Esses sumidouros est\u00e3o avan\u00e7ando para zonas cada vez mais cr\u00edticas, aproximando-se de \u00e1reas densamente povoadas, locais de investimentos em energia e regi\u00f5es com intensa atividade agr\u00edcola. Anteriormente, eles se formavam principalmente em \u00e1reas isoladas, mas agora surgem em locais onde a presen\u00e7a humana e a produ\u00e7\u00e3o agr\u00edcola s\u00e3o intensas, aumentando significativamente os riscos tanto para a popula\u00e7\u00e3o quanto para a economia local. O avan\u00e7o dessas forma\u00e7\u00f5es exp\u00f5e a rela\u00e7\u00e3o direta entre a a\u00e7\u00e3o humana, o uso descontrolado dos recursos h\u00eddricos e o agravamento das condi\u00e7\u00f5es naturais, resultando em uma crise ambiental que afeta toda a regi\u00e3o.\n<\/p>\n<p>As autoridades turcas, como a Autoridade de Gest\u00e3o de Cat\u00e1strofes e Emerg\u00eancias (AFAD) e o Centro de Investiga\u00e7\u00e3o de Aplica\u00e7\u00e3o de Sumidouros da Universidade T\u00e9cnica de Konya, est\u00e3o monitorando de perto a situa\u00e7\u00e3o. Elas trabalham para implementar medidas preventivas, na tentativa de conter o surgimento de novos sumidouros. No entanto, especialistas alertam que a solu\u00e7\u00e3o para o problema \u00e9 complexa. Os sumidouros, apesar de serem um fen\u00f4meno natural, t\u00eam seu n\u00famero amplificado pelas atividades humanas, sobretudo pelo uso inadequado dos recursos subterr\u00e2neos. Essas informa\u00e7\u00f5es s\u00e3o do portal Euronews, de Portugal.\n<\/p>\n<\/div>\n<\/div>\n<p><script data-cfasync=\"false\">\n    !function (f, b, e, v, n, t, s) {\n        if (f.fbq) return; n = f.fbq = function () {\n            n.callMethod ?\n                n.callMethod.apply(n, arguments) : n.queue.push(arguments)\n        };\n        if (!f._fbq) f._fbq = n; n.push = n; n.loaded = !0; n.version = '2.0';\n        n.queue = []; t = b.createElement(e); t.async = !0;\n        t.src = v; s = b.getElementsByTagName(e)[0];\n        s.parentNode.insertBefore(t, s)\n    }(window, document, 'script',\n        'https:\/\/connect.facebook.net\/en_US\/fbevents.js');\n    fbq('init', '522546078623747');\n    fbq('track', 'PageView');\n<\/script><br \/>\n<br \/><br \/>\n<br \/><a href=\"https:\/\/www.agrolink.com.br\/noticias\/buracos-ameacam-agricultura-na-turquia_494752.html\">Source link <\/a><\/p>\n","protected":false},"excerpt":{"rendered":"<p>Autoridades monitoram a situa\u00e7\u00e3o Agrolink &#8211; Leonardo Gottems Publicado em 07\/09\/2024 \u00e0s 14:36h. Estimado usu\u00e1rio.Preencha o formul\u00e1rio abaixo para remeter<\/p>\n","protected":false},"author":1,"featured_media":1234,"comment_status":"open","ping_status":"open","sticky":false,"template":"","format":"standard","meta":{"_monsterinsights_skip_tracking":false,"_monsterinsights_sitenote_active":false,"_monsterinsights_sitenote_note":"","_monsterinsights_sitenote_category":0,"_uf_show_specific_survey":0,"_uf_disable_surveys":false,"footnotes":""},"categories":[8,1,14],"tags":[],"class_list":["post-1233","post","type-post","status-publish","format-standard","has-post-thumbnail","hentry","category-agro","category-news","category-politica-agro"],"_links":{"self":[{"href":"https:\/\/agromt.news\/index.php?rest_route=\/wp\/v2\/posts\/1233"}],"collection":[{"href":"https:\/\/agromt.news\/index.php?rest_route=\/wp\/v2\/posts"}],"about":[{"href":"https:\/\/agromt.news\/index.php?rest_route=\/wp\/v2\/types\/post"}],"author":[{"embeddable":true,"href":"https:\/\/agromt.news\/index.php?rest_route=\/wp\/v2\/users\/1"}],"replies":[{"embeddable":true,"href":"https:\/\/agromt.news\/index.php?rest_route=%2Fwp%2Fv2%2Fcomments&post=1233"}],"version-history":[{"count":0,"href":"https:\/\/agromt.news\/index.php?rest_route=\/wp\/v2\/posts\/1233\/revisions"}],"wp:featuredmedia":[{"embeddable":true,"href":"https:\/\/agromt.news\/index.php?rest_route=\/wp\/v2\/media\/1234"}],"wp:attachment":[{"href":"https:\/\/agromt.news\/index.php?rest_route=%2Fwp%2Fv2%2Fmedia&parent=1233"}],"wp:term":[{"taxonomy":"category","embeddable":true,"href":"https:\/\/agromt.news\/index.php?rest_route=%2Fwp%2Fv2%2Fcategories&post=1233"},{"taxonomy":"post_tag","embeddable":true,"href":"https:\/\/agromt.news\/index.php?rest_route=%2Fwp%2Fv2%2Ftags&post=1233"}],"curies":[{"name":"wp","href":"https:\/\/api.w.org\/{rel}","templated":true}]}}