{"id":1229,"date":"2024-09-09T05:16:17","date_gmt":"2024-09-09T09:16:17","guid":{"rendered":"https:\/\/agromt.news\/?p=1229"},"modified":"2024-09-09T05:16:17","modified_gmt":"2024-09-09T09:16:17","slug":"precos-globais-de-alimentos-caem-em-agosto","status":"publish","type":"post","link":"https:\/\/agromt.news\/?p=1229","title":{"rendered":"Pre\u00e7os globais de alimentos caem em agosto"},"content":{"rendered":"<p> <br \/>\n<\/p>\n<div>\n<p>Os pre\u00e7os globais dos alimentos apresentaram uma leve queda em agosto, conforme comunicado pela Organiza\u00e7\u00e3o das Na\u00e7\u00f5es Unidas para a Alimenta\u00e7\u00e3o e a Agricultura (FAO). A diminui\u00e7\u00e3o nos valores do a\u00e7\u00facar, carne e cereais compensou os aumentos observados nos \u00f3leos vegetais e latic\u00ednios. O \u00cdndice de Pre\u00e7os Alimentares da FAO, que monitora os pre\u00e7os internacionais de diversos alimentos, alcan\u00e7ou 120,7 pontos, uma pequena redu\u00e7\u00e3o em compara\u00e7\u00e3o a julho e 1,1% abaixo do n\u00edvel de agosto de 2023.\n<\/p>\n<p>Em rela\u00e7\u00e3o aos cereais, houve uma redu\u00e7\u00e3o de 0,5% nos pre\u00e7os em agosto, puxada pela queda nos pre\u00e7os de exporta\u00e7\u00e3o de trigo, resultado de uma oferta competitiva no Mar Negro e colheitas menores na Argentina e nos Estados Unidos. Por outro lado, o milho teve uma leve alta, influenciada pelas ondas de calor na Europa e EUA, enquanto o arroz subiu 0,6%, impulsionado pela valoriza\u00e7\u00e3o das moedas de pa\u00edses exportadores e pela oferta limitada de variedades n\u00e3o indica.<\/p>\n<p>O \u00edndice referente aos \u00f3leos vegetais avan\u00e7ou 0,8%, alcan\u00e7ando seu maior patamar em 20 meses, gra\u00e7as ao aumento nos pre\u00e7os do \u00f3leo de palma, que superou a queda nas cota\u00e7\u00f5es de soja, colza e girassol. No setor de latic\u00ednios, a alta foi de 2,2%, refletindo o aumento no pre\u00e7o do leite em p\u00f3 integral, causado pela maior demanda de importa\u00e7\u00e3o, al\u00e9m da eleva\u00e7\u00e3o nos pre\u00e7os de queijo e manteiga, influenciados pela incerteza sobre a oferta de leite na Europa Ocidental.\n<\/p>\n<p>J\u00e1 o \u00edndice de carnes caiu 0,7%, com retra\u00e7\u00e3o nos pre\u00e7os da carne su\u00edna, de aves e ovina, devido \u00e0 menor demanda de importa\u00e7\u00e3o, enquanto a carne bovina teve uma leve valoriza\u00e7\u00e3o. O a\u00e7\u00facar, por sua vez, registrou uma queda de 4,7%, atingindo seu menor n\u00edvel desde outubro de 2022, favorecido por melhores previs\u00f5es de colheitas na \u00cdndia e Tail\u00e2ndia e pela baixa nos pre\u00e7os do petr\u00f3leo. No entanto, o pre\u00e7o subiu no final do m\u00eas, em resposta \u00e0s preocupa\u00e7\u00f5es com inc\u00eandios em \u00e1reas de cultivo no Brasil.<br \/>\u00a0<\/p>\n<\/div>\n<p><script data-cfasync=\"false\">\n    !function (f, b, e, v, n, t, s) {\n        if (f.fbq) return; n = f.fbq = function () {\n            n.callMethod ?\n                n.callMethod.apply(n, arguments) : n.queue.push(arguments)\n        };\n        if (!f._fbq) f._fbq = n; n.push = n; n.loaded = !0; n.version = '2.0';\n        n.queue = []; t = b.createElement(e); t.async = !0;\n        t.src = v; s = b.getElementsByTagName(e)[0];\n        s.parentNode.insertBefore(t, s)\n    }(window, document, 'script',\n        'https:\/\/connect.facebook.net\/en_US\/fbevents.js');\n    fbq('init', '522546078623747');\n    fbq('track', 'PageView');\n<\/script><br \/>\n<br \/><br \/>\n<br \/><a href=\"https:\/\/www.agrolink.com.br\/noticias\/precos-globais-de-alimentos-caem-em-agosto_494753.html\">Source link <\/a><\/p>\n","protected":false},"excerpt":{"rendered":"<p>Os pre\u00e7os globais dos alimentos apresentaram uma leve queda em agosto, conforme comunicado pela Organiza\u00e7\u00e3o das Na\u00e7\u00f5es Unidas para a<\/p>\n","protected":false},"author":1,"featured_media":1230,"comment_status":"open","ping_status":"open","sticky":false,"template":"","format":"standard","meta":{"_monsterinsights_skip_tracking":false,"_monsterinsights_sitenote_active":false,"_monsterinsights_sitenote_note":"","_monsterinsights_sitenote_category":0,"_uf_show_specific_survey":0,"_uf_disable_surveys":false,"footnotes":""},"categories":[8,1,14],"tags":[],"class_list":["post-1229","post","type-post","status-publish","format-standard","has-post-thumbnail","hentry","category-agro","category-news","category-politica-agro"],"_links":{"self":[{"href":"https:\/\/agromt.news\/index.php?rest_route=\/wp\/v2\/posts\/1229"}],"collection":[{"href":"https:\/\/agromt.news\/index.php?rest_route=\/wp\/v2\/posts"}],"about":[{"href":"https:\/\/agromt.news\/index.php?rest_route=\/wp\/v2\/types\/post"}],"author":[{"embeddable":true,"href":"https:\/\/agromt.news\/index.php?rest_route=\/wp\/v2\/users\/1"}],"replies":[{"embeddable":true,"href":"https:\/\/agromt.news\/index.php?rest_route=%2Fwp%2Fv2%2Fcomments&post=1229"}],"version-history":[{"count":0,"href":"https:\/\/agromt.news\/index.php?rest_route=\/wp\/v2\/posts\/1229\/revisions"}],"wp:featuredmedia":[{"embeddable":true,"href":"https:\/\/agromt.news\/index.php?rest_route=\/wp\/v2\/media\/1230"}],"wp:attachment":[{"href":"https:\/\/agromt.news\/index.php?rest_route=%2Fwp%2Fv2%2Fmedia&parent=1229"}],"wp:term":[{"taxonomy":"category","embeddable":true,"href":"https:\/\/agromt.news\/index.php?rest_route=%2Fwp%2Fv2%2Fcategories&post=1229"},{"taxonomy":"post_tag","embeddable":true,"href":"https:\/\/agromt.news\/index.php?rest_route=%2Fwp%2Fv2%2Ftags&post=1229"}],"curies":[{"name":"wp","href":"https:\/\/api.w.org\/{rel}","templated":true}]}}