{"id":1223,"date":"2024-09-08T20:38:03","date_gmt":"2024-09-09T00:38:03","guid":{"rendered":"https:\/\/agromt.news\/?p=1223"},"modified":"2024-09-08T20:38:03","modified_gmt":"2024-09-09T00:38:03","slug":"precos-da-arroba-do-boi-passaram-de-250-reais-na-semana-gracas-as-escalas-apertadas","status":"publish","type":"post","link":"https:\/\/agromt.news\/?p=1223","title":{"rendered":"Pre\u00e7os da arroba do boi passaram de 250 reais na semana gra\u00e7as \u00e0s escalas apertadas"},"content":{"rendered":"<p> <br \/>\n<\/p>\n<div>\n<p>O mercado f\u00edsico do boi gordo registrou pre\u00e7os em alta ao longo da semana. Segundo o analista da consultoria <strong><a href=\"https:\/\/safras.com.br\/\">Safras &amp; Mercado<\/a><\/strong>, Fernando Henrique Iglesias, o ambiente de<br \/>neg\u00f3cios ainda sugere pela continuidade deste movimento no curto prazo.<\/p>\n<p>Isso acontece em linha com a atual posi\u00e7\u00e3o das escalas de abate, que seguem encurtadas em grande parte do pa\u00eds, com uma m\u00e9dia de seis a sete dias \u00fateis.<\/p>\n<\/div>\n<div>\n<p>Em rela\u00e7\u00e3o \u00e0 demanda de carne bovina, o mercado segue bastante aquecido, com forte ritmo de exporta\u00e7\u00e3o, em um ambiente em que o Brasil \u00e9 o grande fornecedor de prote\u00ednas de origem animal em escala global. \u201cA demanda dom\u00e9stica tamb\u00e9m est\u00e1 aquecida neste momento\u201d, destaca Iglesias.<\/p>\n<h2 class=\"wp-block-heading\" id=\"h-precos-da-arroba-do-boi-na-semana\">Pre\u00e7os da arroba do boi na semana<\/h2>\n<p>Os pre\u00e7os m\u00e9dios da arroba do boi gordo na modalidade a prazo nas principais pra\u00e7as de comercializa\u00e7\u00e3o do pa\u00eds estavam assim no dia 6 de setembro:<\/p>\n<ul class=\"wp-block-list\">\n<li><strong>S\u00e3o Paulo:<\/strong> R$ 251,43, contra R$ 243,28 em 30 de agosto, alta de 1,37%<\/li>\n<li><strong>Goi\u00e1s:<\/strong> R$ 239,36, ante R$ 235,75 (+0,78%)<\/li>\n<li><strong>Minas Gerais:<\/strong> R$ 235,94, sobre R$ 234,41 (+2,33%)<\/li>\n<li><strong>Mato Grosso do Sul:<\/strong> R$ 250,25, contra R$ 248,55 (+1,1%)<\/li>\n<li><strong>Mato Grosso:<\/strong> R$ 218,72, ante R$ 216,30 (+2,2%)<\/li>\n<\/ul>\n<h2 class=\"wp-block-heading\" id=\"h-exportacoes-de-carne-bovina\">Exporta\u00e7\u00f5es de carne bovina<\/h2>\n<figure class=\"wp-block-image size-large\"><img fetchpriority=\"high\" decoding=\"async\" width=\"640\" height=\"427\" alt=\"abate, carne bovina, frigor\u00edficos, carnes - abates\" class=\"wp-image-2737844\" src=\"https:\/\/agromt.news\/wp-content\/uploads\/2024\/09\/Precos-da-arroba-do-boi-passaram-de-250-reais-na.jpeg\"\/><img decoding=\"async\" width=\"640\" height=\"427\" src=\"https:\/\/agromt.news\/wp-content\/uploads\/2024\/09\/Precos-da-arroba-do-boi-passaram-de-250-reais-na.jpeg\" alt=\"abate, carne bovina, frigor\u00edficos, carnes - abates\" class=\"wp-image-2737844\"\/><figcaption class=\"wp-element-caption\">Foto: Minist\u00e9rio da Agricultura<\/figcaption><\/figure>\n<p>As exporta\u00e7\u00f5es de carne bovina fresca, congelada ou refrigerada do Brasil renderam US$ 964,233 milh\u00f5es em agosto (22 dias \u00fateis), com m\u00e9dia di\u00e1ria de US$ 43,829 milh\u00f5es, de acordo com a Secretaria de Com\u00e9rcio Exterior (Secex).. <\/p>\n<p>A quantidade total exportada pelo pa\u00eds chegou a 217,458 mil toneladas, com m\u00e9dia di\u00e1ria de 9,649 mil toneladas. O pre\u00e7o m\u00e9dio da tonelada ficou em US$ 4.434,10.<\/p>\n<p>Segundo a Secex, em rela\u00e7\u00e3o a agosto de 2023, houve alta de 15,4% no valor m\u00e9dio di\u00e1rio da exporta\u00e7\u00e3o, ganho de 17,4% na quantidade m\u00e9dia di\u00e1ria exportada e desvaloriza\u00e7\u00e3o de 1,7% no pre\u00e7o m\u00e9dio. <\/p>\n<\/div>\n<p><br \/>\n<br \/><a href=\"https:\/\/www.canalrural.com.br\/pecuaria\/precos-da-arroba-do-boi-passaram-de-250-reais-na-semana-gracas-as-escalas-apertadas\/\">Source link <\/a><\/p>\n","protected":false},"excerpt":{"rendered":"<p>O mercado f\u00edsico do boi gordo registrou pre\u00e7os em alta ao longo da semana. Segundo o analista da consultoria Safras<\/p>\n","protected":false},"author":1,"featured_media":1224,"comment_status":"open","ping_status":"open","sticky":false,"template":"","format":"standard","meta":{"_monsterinsights_skip_tracking":false,"_monsterinsights_sitenote_active":false,"_monsterinsights_sitenote_note":"","_monsterinsights_sitenote_category":0,"_uf_show_specific_survey":0,"_uf_disable_surveys":false,"footnotes":""},"categories":[1],"tags":[],"class_list":["post-1223","post","type-post","status-publish","format-standard","has-post-thumbnail","hentry","category-news"],"_links":{"self":[{"href":"https:\/\/agromt.news\/index.php?rest_route=\/wp\/v2\/posts\/1223"}],"collection":[{"href":"https:\/\/agromt.news\/index.php?rest_route=\/wp\/v2\/posts"}],"about":[{"href":"https:\/\/agromt.news\/index.php?rest_route=\/wp\/v2\/types\/post"}],"author":[{"embeddable":true,"href":"https:\/\/agromt.news\/index.php?rest_route=\/wp\/v2\/users\/1"}],"replies":[{"embeddable":true,"href":"https:\/\/agromt.news\/index.php?rest_route=%2Fwp%2Fv2%2Fcomments&post=1223"}],"version-history":[{"count":0,"href":"https:\/\/agromt.news\/index.php?rest_route=\/wp\/v2\/posts\/1223\/revisions"}],"wp:featuredmedia":[{"embeddable":true,"href":"https:\/\/agromt.news\/index.php?rest_route=\/wp\/v2\/media\/1224"}],"wp:attachment":[{"href":"https:\/\/agromt.news\/index.php?rest_route=%2Fwp%2Fv2%2Fmedia&parent=1223"}],"wp:term":[{"taxonomy":"category","embeddable":true,"href":"https:\/\/agromt.news\/index.php?rest_route=%2Fwp%2Fv2%2Fcategories&post=1223"},{"taxonomy":"post_tag","embeddable":true,"href":"https:\/\/agromt.news\/index.php?rest_route=%2Fwp%2Fv2%2Ftags&post=1223"}],"curies":[{"name":"wp","href":"https:\/\/api.w.org\/{rel}","templated":true}]}}