{"id":1221,"date":"2024-09-08T18:57:34","date_gmt":"2024-09-08T22:57:34","guid":{"rendered":"https:\/\/agromt.news\/?p=1221"},"modified":"2024-09-08T18:57:34","modified_gmt":"2024-09-08T22:57:34","slug":"impactos-das-geadas-e-perspectivas-de-preco-para-laranja-e-bergamota","status":"publish","type":"post","link":"https:\/\/agromt.news\/?p=1221","title":{"rendered":"impactos das geadas e perspectivas de pre\u00e7o para laranja e bergamota"},"content":{"rendered":"<p> <br \/>\n<\/p>\n<div>\n<p style=\"text-align:justify\">O Informativo Conjuntural da Ger\u00eancia de Planejamento, divulgado na quinta-feira (5), trouxe atualiza\u00e7\u00f5es sobre a citricultura nas regi\u00f5es do Rio Grande do Sul. Em Caxias do Sul, a Emater\/RS-Ascar informou que foram realizadas vistorias de Proagro nas \u00e1reas atingidas pelos temporais de maio. A <a href=\"https:\/\/www.agrolink.com.br\/culturas\/laranja?utm_source=agrolink-detalhe-noticia&amp;utm_medium=detalhe-noticia&amp;utm_campaign=links-internos\" target=\"_blank\" rel=\"noopener\">laranja<\/a> continua com problemas de granula\u00e7\u00e3o e cristaliza\u00e7\u00e3o devido \u00e0 lixivia\u00e7\u00e3o dos <a href=\"https:\/\/www.agrolink.com.br\/fertilizantes\/aspectos-gerais\/nutrientes_361443.html?utm_source=agrolink-detalhe-noticia&amp;utm_medium=detalhe-noticia&amp;utm_campaign=links-internos\" target=\"_blank\" rel=\"noopener\">nutrientes<\/a> pelo excesso de chuvas nos \u00faltimos meses. Os pomares est\u00e3o com uma grande quantidade de flores e a colheita da bergamota Montenegrina est\u00e1 em acelera\u00e7\u00e3o.\n<\/p>\n<p style=\"text-align:justify\">Os citricultores est\u00e3o adotando pr\u00e1ticas culturais como remo\u00e7\u00e3o de galhos e limpeza para melhorar a sa\u00fade das plantas. Os pre\u00e7os atuais variam entre R$ 1,50 e R$ 1,75\/kg para laranja (para suco) e entre R$ 1,20 e R$ 1,85\/kg para bergamota, com poss\u00edveis aumentos para a variedade Montenegrina nas pr\u00f3ximas semanas.<\/p>\n<p style=\"text-align:justify\">Em Passo Fundo, as geadas de agosto causaram danos nas brota\u00e7\u00f5es novas, mas a produtividade n\u00e3o dever\u00e1 ser\u00a0afetada gravemente devido ao est\u00e1gio inicial da flora\u00e7\u00e3o. O manejo fitossanit\u00e1rio \u00e9 essencial para manter a qualidade dos frutos, com pre\u00e7os de laranjas Val\u00eancia a R$ 1,86\/kg e bergamota Montenegrina a R$ 1,55\/kg.\n<\/p>\n<p style=\"text-align:justify\">Na regi\u00e3o de Frederico Westphalen, a colheita est\u00e1 praticamente conclu\u00edda com 90% da \u00e1rea j\u00e1 colhida. A nova safra apresenta boas perspectivas com brota\u00e7\u00f5es e flora\u00e7\u00e3o abundantes. A laranja de suco est\u00e1 sendo vendida entre R$ 2.000,00 e R$ 2.200,00 por tonelada, e a laranja umbigo varia de R$ 2,50 a R$ 2,80\/kg.<\/p>\n<p style=\"text-align:justify\">Em Lajeado, com 3.724 hectares de bergamota e 1.146 hectares de laranja, a colheita est\u00e1 em andamento e beneficiada pelo clima. Os pre\u00e7os da laranja Val\u00eancia s\u00e3o de R$ 1.830,00\/t para a ind\u00fastria e cerca de R$ 50,00\/cx de 25 kg para mesa. A bergamota Montenegrina tem pre\u00e7os de R$ 1.400,00\/t para a ind\u00fastria e entre R$ 70,00 e R$ 80,00\/cx de 25 kg para o mercado de mesa.\n<\/p>\n<\/div>\n<p><script data-cfasync=\"false\">\n    !function (f, b, e, v, n, t, s) {\n        if (f.fbq) return; n = f.fbq = function () {\n            n.callMethod ?\n                n.callMethod.apply(n, arguments) : n.queue.push(arguments)\n        };\n        if (!f._fbq) f._fbq = n; n.push = n; n.loaded = !0; n.version = '2.0';\n        n.queue = []; t = b.createElement(e); t.async = !0;\n        t.src = v; s = b.getElementsByTagName(e)[0];\n        s.parentNode.insertBefore(t, s)\n    }(window, document, 'script',\n        'https:\/\/connect.facebook.net\/en_US\/fbevents.js');\n    fbq('init', '522546078623747');\n    fbq('track', 'PageView');\n<\/script><br \/>\n<br \/><br \/>\n<br \/><a href=\"https:\/\/www.agrolink.com.br\/noticias\/rs--impactos-das-geadas-e-perspectivas-de-preco-para-laranja-e-bergamota_494740.html\">Source link <\/a><\/p>\n","protected":false},"excerpt":{"rendered":"<p>O Informativo Conjuntural da Ger\u00eancia de Planejamento, divulgado na quinta-feira (5), trouxe atualiza\u00e7\u00f5es sobre a citricultura nas regi\u00f5es do Rio<\/p>\n","protected":false},"author":1,"featured_media":1222,"comment_status":"open","ping_status":"open","sticky":false,"template":"","format":"standard","meta":{"_monsterinsights_skip_tracking":false,"_monsterinsights_sitenote_active":false,"_monsterinsights_sitenote_note":"","_monsterinsights_sitenote_category":0,"_uf_show_specific_survey":0,"_uf_disable_surveys":false,"footnotes":""},"categories":[8,1,14],"tags":[],"class_list":["post-1221","post","type-post","status-publish","format-standard","has-post-thumbnail","hentry","category-agro","category-news","category-politica-agro"],"_links":{"self":[{"href":"https:\/\/agromt.news\/index.php?rest_route=\/wp\/v2\/posts\/1221"}],"collection":[{"href":"https:\/\/agromt.news\/index.php?rest_route=\/wp\/v2\/posts"}],"about":[{"href":"https:\/\/agromt.news\/index.php?rest_route=\/wp\/v2\/types\/post"}],"author":[{"embeddable":true,"href":"https:\/\/agromt.news\/index.php?rest_route=\/wp\/v2\/users\/1"}],"replies":[{"embeddable":true,"href":"https:\/\/agromt.news\/index.php?rest_route=%2Fwp%2Fv2%2Fcomments&post=1221"}],"version-history":[{"count":0,"href":"https:\/\/agromt.news\/index.php?rest_route=\/wp\/v2\/posts\/1221\/revisions"}],"wp:featuredmedia":[{"embeddable":true,"href":"https:\/\/agromt.news\/index.php?rest_route=\/wp\/v2\/media\/1222"}],"wp:attachment":[{"href":"https:\/\/agromt.news\/index.php?rest_route=%2Fwp%2Fv2%2Fmedia&parent=1221"}],"wp:term":[{"taxonomy":"category","embeddable":true,"href":"https:\/\/agromt.news\/index.php?rest_route=%2Fwp%2Fv2%2Fcategories&post=1221"},{"taxonomy":"post_tag","embeddable":true,"href":"https:\/\/agromt.news\/index.php?rest_route=%2Fwp%2Fv2%2Ftags&post=1221"}],"curies":[{"name":"wp","href":"https:\/\/api.w.org\/{rel}","templated":true}]}}