{"id":1213,"date":"2024-09-08T13:33:58","date_gmt":"2024-09-08T17:33:58","guid":{"rendered":"https:\/\/agromt.news\/?p=1213"},"modified":"2024-09-08T13:33:58","modified_gmt":"2024-09-08T17:33:58","slug":"entenda-por-que-sp-fechou-unidades-de-conservacao-para-prevenir-incendios","status":"publish","type":"post","link":"https:\/\/agromt.news\/?p=1213","title":{"rendered":"Entenda por que SP fechou unidades de conserva\u00e7\u00e3o para prevenir inc\u00eandios"},"content":{"rendered":"<p> <br \/>\n<br \/><img decoding=\"async\" src=\"https:\/\/agromt.news\/wp-content\/uploads\/2024\/09\/Entenda-por-que-SP-fechou-unidades-de-conservacao-para-prevenir.jpg\" \/><\/p>\n<div>\n<p>O fechamento emergencial de 80 unidades de conserva\u00e7\u00e3o localizadas na regi\u00e3o metropolitana e no interior paulista, anunciado pelo <a href=\"https:\/\/www.canalrural.com.br\/tag\/sao-paulo\/\">governo de S\u00e3o Paulo<\/a>, tem o objetivo de proteger a popula\u00e7\u00e3o e direcionar 100% do corpo de funcion\u00e1rios para o monitoramento e eventuais a\u00e7\u00f5es de combate a inc\u00eandios florestais.<\/p>\n<p>A decis\u00e3o foi tomada em resposta ao crescente risco de inc\u00eandios, que colocam em perigo tanto os visitantes como as \u00e1reas de preserva\u00e7\u00e3o. As unidades s\u00e3o geridas pela Funda\u00e7\u00e3o Florestal, \u00f3rg\u00e3o vinculado \u00e0 Secretaria de Meio Ambiente, Infraestrutura e Log\u00edstica (Semil) do Estado.<\/p>\n<\/div>\n<div>\n<p>\u201c<em>A import\u00e2ncia de fechar os parques \u00e9 para que possamos envolver toda a equipe de campo no monitoramento do per\u00edmetro das unidades. Assim, em eventuais inc\u00eandios nesse per\u00edmetro, conseguimos identificar de forma r\u00e1pida e dar uma pronta resposta<\/em>\u201d, explica J\u00f4natas Trindade, subsecret\u00e1rio de Meio Ambiente da Semil.<\/p>\n<p>Al\u00e9m disso, em regi\u00f5es mais sens\u00edveis a grandes inc\u00eandios, a presen\u00e7a de p\u00fablico dentro das unidades coloca em risco a seguran\u00e7a dos presentes e ainda aumenta a chance de queimadas causadas por a\u00e7\u00e3o de algum visitante no interior do parque.<\/p>\n<p>O fechamento seguir\u00e1 at\u00e9 12 de setembro, podendo ser ampliado de acordo com condi\u00e7\u00f5es clim\u00e1ticas e os riscos associados.<\/p>\n<h2 class=\"wp-block-heading\" id=\"h-ampliacao-de-brigadistas-nas-unidades\">Amplia\u00e7\u00e3o de brigadistas nas unidades<\/h2>\n<p>O monitoramento dos focos \u00e9 feito tanto por via terrestre como por meio de drones. \u201cAs equipes ficam circulando no entorno das unidades, que s\u00e3o grandes, com focos naquelas de maior risco. Al\u00e9m disso, s\u00e3o acompanhadas pelos brigadistas contratados e bombeiros civis, para fazer, al\u00e9m do trabalho preventivo, o ataque aos inc\u00eandios identificados\u201d, afirma Trindade.<\/p>\n<p>Nesta segunda-feira (2), a Funda\u00e7\u00e3o Florestal assinou um aditivo de contrato disponibilizando mais 15 equipes de campo de bombeiros civis para atuar nas unidades, que se somam \u00e0s 19 equipes j\u00e1 existentes.<\/p>\n<p>\u201c<em>Para esse incremento, fizemos a avalia\u00e7\u00e3o com alguns crit\u00e9rios: a sensibilidade ambiental da \u00e1rea, a fragilidade ou a maior incid\u00eancia de inc\u00eandios no territ\u00f3rio, o tamanho e a import\u00e2ncia biol\u00f3gica das unidades<\/em>\u201d, relata o subsecret\u00e1rio. Al\u00e9m disso, equipes que ficam no litoral, onde h\u00e1 menor tend\u00eancia de inc\u00eandios, foram deslocadas para tamb\u00e9m fazer o atendimento nas regi\u00f5es mais sens\u00edveis.<\/p>\n<p>O governo de S\u00e3o Paulo tamb\u00e9m tem chamado a iniciativa privada para somar esfor\u00e7os nas a\u00e7\u00f5es de preven\u00e7\u00e3o \u00e0s queimadas. \u201c<em>Conseguimos apoio de empresas do setor florestal, que t\u00eam uma rede de monitoramento nas unidades produtivas delas, mas que t\u00eam um alcance fora<\/em>\u201d, diz Jonatas Trindade.<\/p>\n<p>As torres com c\u00e2meras podem ter um alcance de at\u00e9 100 km, a depender da topografia. \u201c<em>As empresas conseguem monitorar e identificar focos de inc\u00eandio no entorno das unidades produtivas que t\u00eam interface com unidades de conserva\u00e7\u00e3o. Com isso, podem nos comunicar de imediato para termos uma pronta resposta<\/em>\u201d.<\/p>\n<p>Nesta ter\u00e7a-feira (3), o governo paulista anunciou uma amplia\u00e7\u00e3o das a\u00e7\u00f5es de enfrentamento \u00e0s queimadas em parceria com a iniciativa privada, com a disponibiliza\u00e7\u00e3o das estruturas de monitoramento e combate de entidades de setores florestais, produtores de a\u00e7\u00facar, energia el\u00e9trica, g\u00e1s, \u00e1gua, empresas florestais e concession\u00e1rias de rodovias.<\/p>\n<p>A coopera\u00e7\u00e3o ocorre em momento de agravamento das condi\u00e7\u00f5es climatol\u00f3gicas favor\u00e1veis aos inc\u00eandios. O n\u00famero de focos de calor cresceu 386% entre janeiro e agosto deste ano na compara\u00e7\u00e3o com 2023. Al\u00e9m disso, cerca de 8.049 propriedades rurais foram afetadas pelos inc\u00eandios em 317 munic\u00edpios.<\/p>\n<p>\u201c<em>Temos um planejamento muito bem estabelecido aqui no estado, com um plano de curto, m\u00e9dio e longo prazo. E para robustecer isso cada vez mais, ficou acordado que cada um vai mandar as informa\u00e7\u00f5es de suas infraestruturas, principalmente do que chamamos de infraestruturas cr\u00edticas. Vamos agregar os mapeamentos para termos esse planejamento articulado dentro do nosso gabinete de crise<\/em>\u201d, afirma a secret\u00e1ria do Meio Ambiente, Infraestrutura e Log\u00edstica, Nat\u00e1lia Resende.<\/p>\n<p>A Uni\u00e3o da Ind\u00fastria da Cana-de-A\u00e7\u00facar <a href=\"https:\/\/www.canalrural.com.br\/tag\/unica\/\">(\u00danica)<\/a>, por exemplo, conta com 10 mil brigadistas e 2 mil caminh\u00f5es pipa dispon\u00edveis para combater inc\u00eandios nos canaviais. J\u00e1 a Florestar, associa\u00e7\u00e3o do setor produtor de florestas plantadas, re\u00fane empresas que podem oferecer infraestrutura e tecnologia para atuar em conjunto com o governo para o monitoramento de Unidades de Conserva\u00e7\u00e3o afetadas pelas chamas.<\/p>\n<h2 class=\"wp-block-heading\" id=\"h-previsao-para-os-proximos-dias\">Previs\u00e3o para os pr\u00f3ximos dias<\/h2>\n<p>A situa\u00e7\u00e3o das queimadas no estado de S\u00e3o Paulo se agravou entre 2 de agosto e 3 de setembro, per\u00edodo em que 245 munic\u00edpios foram atingidos pela incid\u00eancia de fogo, 48 deles em alerta m\u00e1ximo. Al\u00e9m disso, a estiagem ainda persiste no estado fazendo de setembro um m\u00eas cr\u00edtico e propiciando piora no cen\u00e1rio dos inc\u00eandios.<\/p>\n<p>De acordo com a meteorologista da Defesa Civil Desiree Brant, a previs\u00e3o pelo menos para os primeiros 20 dias de setembro \u00e9 de tempo seco. Uma massa de ar seco deve impedir a chuva, favorecer temperaturas elevadas, reduzir a umidade do solo e aumentar o risco de fogo.<\/p>\n<hr class=\"wp-block-separator has-alpha-channel-opacity\"\/>\n<em>Saiba em primeira m\u00e3o informa\u00e7\u00f5es sobre agricultura, pecu\u00e1ria, economia e previs\u00e3o do tempo. <a href=\"https:\/\/news.google.com\/publications\/CAAqBwgKMPKZlQswq_mqAw?ceid=BR:pt-419&amp;oc=3&amp;hl=pt-BR&amp;gl=BR\"><strong>Siga o Canal Rural no Google News<\/strong><\/a>.<\/em>\n<\/div>\n<p><br \/>\n<br \/><a href=\"https:\/\/www.canalrural.com.br\/agricultura\/entenda-por-que-sp-fechou-unidades-de-conservacao-para-prevenir-incendios\/\">Source link <\/a><\/p>\n","protected":false},"excerpt":{"rendered":"<p>O fechamento emergencial de 80 unidades de conserva\u00e7\u00e3o localizadas na regi\u00e3o metropolitana e no interior paulista, anunciado pelo governo de<\/p>\n","protected":false},"author":1,"featured_media":1214,"comment_status":"open","ping_status":"open","sticky":false,"template":"","format":"standard","meta":{"_monsterinsights_skip_tracking":false,"_monsterinsights_sitenote_active":false,"_monsterinsights_sitenote_note":"","_monsterinsights_sitenote_category":0,"_uf_show_specific_survey":0,"_uf_disable_surveys":false,"footnotes":""},"categories":[1],"tags":[],"class_list":["post-1213","post","type-post","status-publish","format-standard","has-post-thumbnail","hentry","category-news"],"_links":{"self":[{"href":"https:\/\/agromt.news\/index.php?rest_route=\/wp\/v2\/posts\/1213"}],"collection":[{"href":"https:\/\/agromt.news\/index.php?rest_route=\/wp\/v2\/posts"}],"about":[{"href":"https:\/\/agromt.news\/index.php?rest_route=\/wp\/v2\/types\/post"}],"author":[{"embeddable":true,"href":"https:\/\/agromt.news\/index.php?rest_route=\/wp\/v2\/users\/1"}],"replies":[{"embeddable":true,"href":"https:\/\/agromt.news\/index.php?rest_route=%2Fwp%2Fv2%2Fcomments&post=1213"}],"version-history":[{"count":0,"href":"https:\/\/agromt.news\/index.php?rest_route=\/wp\/v2\/posts\/1213\/revisions"}],"wp:featuredmedia":[{"embeddable":true,"href":"https:\/\/agromt.news\/index.php?rest_route=\/wp\/v2\/media\/1214"}],"wp:attachment":[{"href":"https:\/\/agromt.news\/index.php?rest_route=%2Fwp%2Fv2%2Fmedia&parent=1213"}],"wp:term":[{"taxonomy":"category","embeddable":true,"href":"https:\/\/agromt.news\/index.php?rest_route=%2Fwp%2Fv2%2Fcategories&post=1213"},{"taxonomy":"post_tag","embeddable":true,"href":"https:\/\/agromt.news\/index.php?rest_route=%2Fwp%2Fv2%2Ftags&post=1213"}],"curies":[{"name":"wp","href":"https:\/\/api.w.org\/{rel}","templated":true}]}}