{"id":1205,"date":"2024-09-08T07:00:08","date_gmt":"2024-09-08T11:00:08","guid":{"rendered":"https:\/\/agromt.news\/?p=1205"},"modified":"2024-09-08T07:00:08","modified_gmt":"2024-09-08T11:00:08","slug":"problema-denominacao-de-origem-do-cafe-do-cerrado-mineiro","status":"publish","type":"post","link":"https:\/\/agromt.news\/?p=1205","title":{"rendered":"Problema denomina\u00e7\u00e3o de origem do caf\u00e9 do Cerrado Mineiro"},"content":{"rendered":"<p> <br \/>\n<\/p>\n<div>\n<div class=\"row\">\n<div class=\"col-lg col-infos mt-3 mt-lg-0\">\n<div class=\"section-sub-title\">\n<p itemprop=\"description\">\nA campanha da Federa\u00e7\u00e3o dos Cafeicultores do Cerrado visa aumentar a rastreabilidade\n<\/p>\n<\/div>\n<div class=\"container\">\n<div class=\"row\">\n<div class=\"col-lg p-0\">\n<div>\n<div class=\"block-news-main-infos mt-3 text-start\">\n<strong class=\"fn\" itemprop=\"author\" style=\"color: rgb(112, 112, 112); \"><br \/>\n<a href=\"https:\/\/www.agrolink.com.br\/noticias\/javascript:;\" class=\"text-uppercase\" target=\"_blank\" style=\"color: rgb(112, 112, 112); \" rel=\"noopener\">Agrolink<\/a><br \/>\n&#8211; Leonardo Gottems<br \/>\n<\/strong><br \/>\n<br \/>\n<abbr><time datetime=\"2024-09-07T07:46\" itemprop=\"datePublished dateModified\">Publicado em 07\/09\/2024 \u00e0s 07:46h.<\/time><\/abbr>\n<\/div>\n<\/div>\n<\/div>\n<div class=\"col-lg p-0 text-lg-end\">\n<div>\n<div id=\"mdEnviarPagina\" class=\"modal fade\" role=\"dialog\">\n<div class=\"modal-dialog\">\n<div class=\"modal-content\">\n<div class=\"modal-body\">\n<p><strong>Estimado usu\u00e1rio.<\/strong><br \/>Preencha o formul\u00e1rio abaixo para remeter a p\u00e1gina.<\/p>\n<\/div>\n<\/div>\n<\/div>\n<\/div>\n<\/div>\n<\/div>\n<\/div>\n<\/div>\n<\/div>\n<\/div>\n<div class=\"row justify-content-md-center mt-3\">\n<div class=\"col-lg-auto col-image  block-news-main-image d-none d-md-block\">\n<img decoding=\"async\" src=\"https:\/\/www.agrolink.com.br\/upload\/imagens-resizes\/06d141f69c574be2be3cd902e918ed64_858x483.jpg\" class=\"lazyload\" alt=\"A campanha da Federa\u00e7\u00e3o dos Cafeicultores do Cerrado visa aumentar a rastreabilidade dos lotes de caf\u00e9\"\/><br \/>\n<span class=\"d-block mt-1\">A campanha da Federa\u00e7\u00e3o dos Cafeicultores do Cerrado visa aumentar a rastreabilidade dos lotes de caf\u00e9 &#8211; Foto: Divulga\u00e7\u00e3o<\/span>\n<\/div>\n<\/div>\n<div class=\"section-description section-description-noticias mt-3\">\n<p>A Federa\u00e7\u00e3o dos Cafeicultores do Cerrado lan\u00e7ou uma campanha para combater o uso indevido da Denomina\u00e7\u00e3o de Origem (DO) \u201cCerrado Mineiro\u201d, o primeiro selo de origem para <a href=\"https:\/\/www.agrolink.com.br\/culturas\/cafe\/?utm_source=agrolink-detalhe-noticia&amp;utm_medium=detalhe-noticia&amp;utm_campaign=links-internos\" target=\"_blank\" rel=\"noopener\">caf\u00e9<\/a>s do Brasil. A iniciativa visa conscientizar a popula\u00e7\u00e3o sobre a import\u00e2ncia de consumir <a href=\"https:\/\/www.agrolink.com.br\/culturas\/cafe\/?utm_source=agrolink-detalhe-noticia&amp;utm_medium=detalhe-noticia&amp;utm_campaign=links-internos\" target=\"_blank\" rel=\"noopener\">caf\u00e9<\/a>s com origem rastre\u00e1vel e aumentar a oferta de produtos certificados, com previs\u00e3o de 600 mil a 700 mil sacas para a safra 2024\/2025, em compara\u00e7\u00e3o com as 115 mil sacas de 2023\/2024.\n<\/p>\n<p>Segundo Juliano Tarabal, Diretor Executivo da Federa\u00e7\u00e3o, o uso indevido do selo nas embalagens de caf\u00e9 compromete a reputa\u00e7\u00e3o da regi\u00e3o e prejudica consumidores e produtores. \u201cIsto \u00e9 considerado uma infra\u00e7\u00e3o \u00e0s normas da Federa\u00e7\u00e3o dos Cafeicultores do Cerrado, que possui o registro de Denomina\u00e7\u00e3o de Origem assegurado pelo INPI \u2013 Instituto Nacional de Propriedade Industrial. Por isso, queremos estar cada vez mais pr\u00f3ximos dos diferentes elos da cadeia para orientar sobre os processos de utiliza\u00e7\u00e3o da origem controlada\u201d, diz.<\/p>\n<p>A campanha da Federa\u00e7\u00e3o dos Cafeicultores do Cerrado visa aumentar a rastreabilidade dos lotes de caf\u00e9, valorizando o produto nacional e internacionalmente. Desde 2013, o Selo de Origem e Qualidade certifica caf\u00e9s da Regi\u00e3o do Cerrado Mineiro conforme os crit\u00e9rios de produ\u00e7\u00e3o, e a pol\u00edtica de Denomina\u00e7\u00e3o de Origem garante a certifica\u00e7\u00e3o para caf\u00e9s com pelo menos 80 pontos que passam pelas cooperativas, ampliando a oferta de caf\u00e9s com DO.\n<\/p>\n<p>Augusto Faria, produtor, destaca a import\u00e2ncia de proteger a autenticidade dos caf\u00e9s e informar os consumidores sobre sua qualidade e hist\u00f3ria. A campanha ser\u00e1 promovida por redes sociais, v\u00eddeos, palestras, materiais impressos e outros meios. A Cooperativa dos Cafeicultores do Cerrado (Expocacer) apoia a a\u00e7\u00e3o, ressaltando que a rastreabilidade e certifica\u00e7\u00f5es refor\u00e7am a qualidade e as boas pr\u00e1ticas agr\u00edcolas.<\/p>\n<p>\u201cA a\u00e7\u00e3o representa um esfor\u00e7o para garantir que os consumidores recebam produtos de qualidade e origem certificada, combatendo as infra\u00e7\u00f5es, fortalecendo a confian\u00e7a no caf\u00e9 do Cerrado Mineiro, al\u00e9m de valorizar o trabalho dos produtores que seguem os requisitos necess\u00e1rios para a certifica\u00e7\u00e3o. Possuimos exponencial suficiente para atender a demanda do mercado global, para o qual temos mapeados a utiliza\u00e7\u00e3o da Origem Cerrado Mineiro em 44 pa\u00edses por mais de 700 marcas\u201d, finaliza Tarabal.\n<\/p>\n<\/div>\n<\/div>\n<p><script data-cfasync=\"false\">\n    !function (f, b, e, v, n, t, s) {\n        if (f.fbq) return; n = f.fbq = function () {\n            n.callMethod ?\n                n.callMethod.apply(n, arguments) : n.queue.push(arguments)\n        };\n        if (!f._fbq) f._fbq = n; n.push = n; n.loaded = !0; n.version = '2.0';\n        n.queue = []; t = b.createElement(e); t.async = !0;\n        t.src = v; s = b.getElementsByTagName(e)[0];\n        s.parentNode.insertBefore(t, s)\n    }(window, document, 'script',\n        'https:\/\/connect.facebook.net\/en_US\/fbevents.js');\n    fbq('init', '522546078623747');\n    fbq('track', 'PageView');\n<\/script><br \/>\n<br \/><br \/>\n<br \/><a href=\"https:\/\/www.agrolink.com.br\/noticias\/problema-denominacao-de-origem-do-cafe-do-cerrado-mineiro_494744.html\">Source link <\/a><\/p>\n","protected":false},"excerpt":{"rendered":"<p>A campanha da Federa\u00e7\u00e3o dos Cafeicultores do Cerrado visa aumentar a rastreabilidade Agrolink &#8211; Leonardo Gottems Publicado em 07\/09\/2024 \u00e0s<\/p>\n","protected":false},"author":1,"featured_media":1206,"comment_status":"open","ping_status":"open","sticky":false,"template":"","format":"standard","meta":{"_monsterinsights_skip_tracking":false,"_monsterinsights_sitenote_active":false,"_monsterinsights_sitenote_note":"","_monsterinsights_sitenote_category":0,"_uf_show_specific_survey":0,"_uf_disable_surveys":false,"footnotes":""},"categories":[8,1,14],"tags":[],"class_list":["post-1205","post","type-post","status-publish","format-standard","has-post-thumbnail","hentry","category-agro","category-news","category-politica-agro"],"_links":{"self":[{"href":"https:\/\/agromt.news\/index.php?rest_route=\/wp\/v2\/posts\/1205"}],"collection":[{"href":"https:\/\/agromt.news\/index.php?rest_route=\/wp\/v2\/posts"}],"about":[{"href":"https:\/\/agromt.news\/index.php?rest_route=\/wp\/v2\/types\/post"}],"author":[{"embeddable":true,"href":"https:\/\/agromt.news\/index.php?rest_route=\/wp\/v2\/users\/1"}],"replies":[{"embeddable":true,"href":"https:\/\/agromt.news\/index.php?rest_route=%2Fwp%2Fv2%2Fcomments&post=1205"}],"version-history":[{"count":0,"href":"https:\/\/agromt.news\/index.php?rest_route=\/wp\/v2\/posts\/1205\/revisions"}],"wp:featuredmedia":[{"embeddable":true,"href":"https:\/\/agromt.news\/index.php?rest_route=\/wp\/v2\/media\/1206"}],"wp:attachment":[{"href":"https:\/\/agromt.news\/index.php?rest_route=%2Fwp%2Fv2%2Fmedia&parent=1205"}],"wp:term":[{"taxonomy":"category","embeddable":true,"href":"https:\/\/agromt.news\/index.php?rest_route=%2Fwp%2Fv2%2Fcategories&post=1205"},{"taxonomy":"post_tag","embeddable":true,"href":"https:\/\/agromt.news\/index.php?rest_route=%2Fwp%2Fv2%2Ftags&post=1205"}],"curies":[{"name":"wp","href":"https:\/\/api.w.org\/{rel}","templated":true}]}}