{"id":1199,"date":"2024-09-07T23:16:42","date_gmt":"2024-09-08T03:16:42","guid":{"rendered":"https:\/\/agromt.news\/?p=1199"},"modified":"2024-09-07T23:16:42","modified_gmt":"2024-09-08T03:16:42","slug":"comercializacao-da-soja-avanca-mas-fica-abaixo-da-media-historica","status":"publish","type":"post","link":"https:\/\/agromt.news\/?p=1199","title":{"rendered":"Comercializa\u00e7\u00e3o da soja avan\u00e7a, mas fica abaixo da m\u00e9dia hist\u00f3rica"},"content":{"rendered":"<p> <br \/>\n<\/p>\n<div>\n<p>A comercializa\u00e7\u00e3o da soja, tanto para a atual como para a safra nova, avan\u00e7ou bem nos \u00faltimos 30 dias, apesar de estar ainda um pouco abaixo da m\u00e9dia dos \u00faltimos cinco anos, conforme dados de Safras &amp; Mercado.<\/p>\n<p>Nesta \u00faltima semana, os produtores aproveitaram os repiques dos contratos futuros na Bolsa de Mercadorias de Chicago <strong><a href=\"https:\/\/www.cmegroup.com\/company\/cbot.html\">(CBOT)<\/a><\/strong> e do d\u00f3lar comercial. Os pr\u00eamios seguem firmes.<\/p>\n<p>No exterior, a semana foi marcada por boa demanda pela soja norte-americana e algumas preocupa\u00e7\u00f5es com o desenvolvimento final da safra nos Estados Unidos. O clima seco atinge cerca de <strong>25%<\/strong> do cintur\u00e3o produtor e pode comprometer o rendimento final, que n\u00e3o ficaria em n\u00fameros t\u00e3o altos como os que o mercado vinha trabalhando.<\/p>\n<\/div>\n<div>\n<h2 class=\"wp-block-heading\" id=\"h-comercializacao-da-soja\">Comercializa\u00e7\u00e3o da soja<\/h2>\n<p>A comercializa\u00e7\u00e3o da safra 2023\/24 de soja do Brasil envolve <strong>82,2%<\/strong> da produ\u00e7\u00e3o projetada, de acordo com relat\u00f3rio de Safras &amp; Mercado, com dados recolhidos at\u00e9 6 de setembro. No relat\u00f3rio anterior, com reportes de 9 de agosto, o n\u00famero era de 77,5%.<\/p>\n<p>Em igual per\u00edodo do ano passado, a negocia\u00e7\u00e3o envolvia 79,8% e a m\u00e9dia de cinco anos para o per\u00edodo \u00e9 de <strong>86,4%<\/strong>. Levando-se em conta uma safra estimada em 151,55 milh\u00f5es de toneladas, o total de soja j\u00e1 negociado \u00e9 de 124,55 milh\u00f5es de toneladas.<\/p>\n<h2 class=\"wp-block-heading\" id=\"h-venda-antecipada\">Venda antecipada<\/h2>\n<figure class=\"wp-block-image size-large\"><img fetchpriority=\"high\" decoding=\"async\" width=\"640\" height=\"380\" alt=\"soja\" class=\"wp-image-2775760\" src=\"https:\/\/agromt.news\/wp-content\/uploads\/2024\/09\/Comercializacao-da-soja-avanca-mas-fica-abaixo-da-media-historica.jpg\"\/><img decoding=\"async\" width=\"640\" height=\"380\" src=\"https:\/\/agromt.news\/wp-content\/uploads\/2024\/09\/Comercializacao-da-soja-avanca-mas-fica-abaixo-da-media-historica.jpg\" alt=\"soja\" class=\"wp-image-2775760\"\/><figcaption class=\"wp-element-caption\">Foto: Daniel Popov\/ Canal Rural<\/figcaption><\/figure>\n<p>Levando-se em conta uma safra de 171,54 milh\u00f5es de toneladas, Safras projeta uma comercializa\u00e7\u00e3o antecipada 2024\/25 de <strong>22,5%<\/strong>, o equivalente a 38,62 milh\u00f5es de toneladas. <\/p>\n<p>Em igual per\u00edodo do ano passado, a comercializa\u00e7\u00e3o antecipada era de 17,9% e a m\u00e9dia para o per\u00edodo \u00e9 de 26,4%. No relat\u00f3rio anterior, o n\u00famero era de 18,2%.<\/p>\n<p>Para a pr\u00f3xima semana, o destaque fica por conta do relat\u00f3rio de setembro do Departamento de Agricultura dos Estados Unidos (USDA), que ser\u00e1 divulgado na quinta (12). <\/p>\n<p>As aten\u00e7\u00f5es estar\u00e3o voltadas para o n\u00famero de safra nos Estados Unidos e se o departamento vai ratificar as previs\u00f5es mais recentes de produ\u00e7\u00e3o recorde.<\/p>\n<p>No Brasil, o foco est\u00e1 ligado no in\u00edcio do plantio da safra 2024\/25 e o comportamento do clima. H\u00e1 preocupa\u00e7\u00e3o com a falta de chuvas, que poder\u00e1 atrasar o preparo do solo e o in\u00edcio da semeadura.<\/p>\n<\/div>\n<p><br \/>\n<br \/><a href=\"https:\/\/www.canalrural.com.br\/agricultura\/projeto-soja-brasil\/comercializacao-da-soja-avanca-mas-fica-abaixo-da-media-historica\/\">Source link <\/a><\/p>\n","protected":false},"excerpt":{"rendered":"<p>A comercializa\u00e7\u00e3o da soja, tanto para a atual como para a safra nova, avan\u00e7ou bem nos \u00faltimos 30 dias, apesar<\/p>\n","protected":false},"author":1,"featured_media":1200,"comment_status":"open","ping_status":"open","sticky":false,"template":"","format":"standard","meta":{"_monsterinsights_skip_tracking":false,"_monsterinsights_sitenote_active":false,"_monsterinsights_sitenote_note":"","_monsterinsights_sitenote_category":0,"_uf_show_specific_survey":0,"_uf_disable_surveys":false,"footnotes":""},"categories":[1],"tags":[],"class_list":["post-1199","post","type-post","status-publish","format-standard","has-post-thumbnail","hentry","category-news"],"_links":{"self":[{"href":"https:\/\/agromt.news\/index.php?rest_route=\/wp\/v2\/posts\/1199"}],"collection":[{"href":"https:\/\/agromt.news\/index.php?rest_route=\/wp\/v2\/posts"}],"about":[{"href":"https:\/\/agromt.news\/index.php?rest_route=\/wp\/v2\/types\/post"}],"author":[{"embeddable":true,"href":"https:\/\/agromt.news\/index.php?rest_route=\/wp\/v2\/users\/1"}],"replies":[{"embeddable":true,"href":"https:\/\/agromt.news\/index.php?rest_route=%2Fwp%2Fv2%2Fcomments&post=1199"}],"version-history":[{"count":0,"href":"https:\/\/agromt.news\/index.php?rest_route=\/wp\/v2\/posts\/1199\/revisions"}],"wp:featuredmedia":[{"embeddable":true,"href":"https:\/\/agromt.news\/index.php?rest_route=\/wp\/v2\/media\/1200"}],"wp:attachment":[{"href":"https:\/\/agromt.news\/index.php?rest_route=%2Fwp%2Fv2%2Fmedia&parent=1199"}],"wp:term":[{"taxonomy":"category","embeddable":true,"href":"https:\/\/agromt.news\/index.php?rest_route=%2Fwp%2Fv2%2Fcategories&post=1199"},{"taxonomy":"post_tag","embeddable":true,"href":"https:\/\/agromt.news\/index.php?rest_route=%2Fwp%2Fv2%2Ftags&post=1199"}],"curies":[{"name":"wp","href":"https:\/\/api.w.org\/{rel}","templated":true}]}}