{"id":1184,"date":"2024-09-07T20:10:40","date_gmt":"2024-09-08T00:10:40","guid":{"rendered":"https:\/\/agromt.news\/?p=1184"},"modified":"2024-09-07T20:10:40","modified_gmt":"2024-09-08T00:10:40","slug":"portaria-define-11-novos-postos-para-adidos-agricolas-na-africa-asia-e-americas","status":"publish","type":"post","link":"https:\/\/agromt.news\/?p=1184","title":{"rendered":"Portaria define 11 novos postos para adidos agr\u00edcolas na \u00c1frica, \u00c1sia e Am\u00e9ricas"},"content":{"rendered":"<p> <br \/>\n<br \/><img decoding=\"async\" src=\"https:\/\/agromt.news\/wp-content\/uploads\/2024\/09\/Portaria-define-11-novos-postos-para-adidos-agricolas-na-Africa.jpg\" \/><\/p>\n<div>\n<p>O Minist\u00e9rio da Agricultura e o Minist\u00e9rio das Rela\u00e7\u00f5es Exteriores definiram os locais dos 11 novos adidos agr\u00edcolas do Brasil no exterior. As futuras adid\u00e2ncias ser\u00e3o na Arg\u00e9lia, Bangladesh, Chile, Costa Rica, Emirados \u00c1rabes Unidos, Eti\u00f3pia (incluindo Uni\u00e3o Africana, Djibuti e Sud\u00e3o do Sul), Filipinas (incluindo Ilhas Marshall, Micron\u00e9sia e Palau), Ir\u00e3, Mal\u00e1sia (incluindo Brunei), Nig\u00e9ria e Turquia.<\/p>\n<p>Os locais, antecipados pela Coluna do Broadcast Agro em 5 de agosto, constam em portaria interministerial publicada nesta sexta-feira, 6, no <i><a href=\"https:\/\/www.canalrural.com.br\/tag\/diario-oficial\/\">Di\u00e1rio Oficial da Uni\u00e3o (DOU)<\/a><\/i>.<\/p>\n<p><em>Confira na palma da m\u00e3o informa\u00e7\u00f5es quentes sobre agricultura, pecu\u00e1ria, economia e previs\u00e3o do tempo:<\/em><a href=\"https:\/\/www.whatsapp.com\/channel\/0029Va9VnZxGk1FplZjiW43k\"><em> <\/em><strong>siga o Canal Rural no WhatsApp<\/strong><\/a>!<\/p>\n<\/div>\n<div>\n<p>Os adidos agr\u00edcolas assessoram as representa\u00e7\u00f5es diplom\u00e1ticas do Brasil no exterior. Eles s\u00e3o respons\u00e1veis por prospectar oportunidades de com\u00e9rcio, investimento e coopera\u00e7\u00e3o para o agroneg\u00f3cio brasileiro. A amplia\u00e7\u00e3o das adid\u00e2ncias agr\u00edcolas dos atuais 29 para 40 postos foi autorizada pelo presidente da Rep\u00fablica, Luiz In\u00e1cio Lula da Silva, em decreto assinado em julho.<\/p>\n<p>Com a iniciativa, o Brasil ter\u00e1 sete adidos agr\u00edcolas em embaixadas da \u00c1frica, al\u00e9m de novos quadros na \u00c1sia e na Am\u00e9rica Central. \u201cAs novas adid\u00e2ncias refletem o reconhecimento da import\u00e2ncia do agroneg\u00f3cio e de sua maior inser\u00e7\u00e3o no mercado internacional para o Brasil. Com os novos postos iremos potencializar ainda mais as oportunidades para o setor, gerando empregos e renda para os brasileiros, principalmente em virtude das aberturas de mercados\u201d, afirmou o ministro da Agricultura, Carlos F\u00e1varo, em nota da pasta.<\/p>\n<p>De acordo com o secret\u00e1rio de Com\u00e9rcio e Rela\u00e7\u00f5es Internacionais do Minist\u00e9rio da Agricultura, Roberto Perosa, os novos adidos agr\u00edcolas come\u00e7am a atuar em janeiro do ano que vem. \u201cO processo de sele\u00e7\u00e3o est\u00e1 avan\u00e7ado e usaremos o cadastro reserva. \u00c9 uma grande conquista para o agro brasileiro\u201d, disse ao <i>Broadcast Agro<\/i>, sistema de not\u00edcias em tempo real do Grupo Estado. Sobre os novos postos, Perosa destacou que a \u00c1sia \u00e9 um importante destino das exporta\u00e7\u00f5es brasileiras. J\u00e1 na \u00c1frica, o Brasil busca refor\u00e7ar a coopera\u00e7\u00e3o t\u00e9cnica e rela\u00e7\u00f5es comerciais.<\/p>\n<p>Atualmente, h\u00e1 adidos agr\u00edcolas nos seguintes locais: \u00c1frica do Sul, Alemanha, Angola, Ar\u00e1bia Saudita, Argentina, Austr\u00e1lia, Canad\u00e1, China (dois adidos), Col\u00f4mbia, Coreia do Sul, Egito, Estados Unidos da Am\u00e9rica, Fran\u00e7a (Delega\u00e7\u00e3o do Brasil junto \u00e0s Organiza\u00e7\u00f5es Internacionais Econ\u00f4micas com sede em Paris), \u00cdndia, Indon\u00e9sia, It\u00e1lia (Delega\u00e7\u00e3o Permanente do Brasil na Organiza\u00e7\u00e3o das Na\u00e7\u00f5es Unidas para a Alimenta\u00e7\u00e3o e Agricultura e aos Organismos Internacionais), Jap\u00e3o, Marrocos, M\u00e9xico, Su\u00ed\u00e7a (Delega\u00e7\u00e3o do Brasil junto \u00e0 Organiza\u00e7\u00e3o Mundial do Com\u00e9rcio e outras organiza\u00e7\u00f5es econ\u00f4micas em Genebra), Peru, Reino Unido, R\u00fassia, Cingapura, Tail\u00e2ndia, B\u00e9lgica (Miss\u00e3o do Brasil na Uni\u00e3o Europeia em Bruxelas, dois adidos) e Vietn\u00e3.<\/p>\n<\/div>\n<p><br \/>\n<br \/><a href=\"https:\/\/www.canalrural.com.br\/agricultura\/portaria-define-11-novos-postos-para-adidos-agricolas-na-africa-asia-e-americas\/\">Source link <\/a><\/p>\n","protected":false},"excerpt":{"rendered":"<p>O Minist\u00e9rio da Agricultura e o Minist\u00e9rio das Rela\u00e7\u00f5es Exteriores definiram os locais dos 11 novos adidos agr\u00edcolas do Brasil<\/p>\n","protected":false},"author":1,"featured_media":1185,"comment_status":"open","ping_status":"open","sticky":false,"template":"","format":"standard","meta":{"_monsterinsights_skip_tracking":false,"_monsterinsights_sitenote_active":false,"_monsterinsights_sitenote_note":"","_monsterinsights_sitenote_category":0,"_uf_show_specific_survey":0,"_uf_disable_surveys":false,"footnotes":""},"categories":[1],"tags":[],"class_list":["post-1184","post","type-post","status-publish","format-standard","has-post-thumbnail","hentry","category-news"],"_links":{"self":[{"href":"https:\/\/agromt.news\/index.php?rest_route=\/wp\/v2\/posts\/1184"}],"collection":[{"href":"https:\/\/agromt.news\/index.php?rest_route=\/wp\/v2\/posts"}],"about":[{"href":"https:\/\/agromt.news\/index.php?rest_route=\/wp\/v2\/types\/post"}],"author":[{"embeddable":true,"href":"https:\/\/agromt.news\/index.php?rest_route=\/wp\/v2\/users\/1"}],"replies":[{"embeddable":true,"href":"https:\/\/agromt.news\/index.php?rest_route=%2Fwp%2Fv2%2Fcomments&post=1184"}],"version-history":[{"count":0,"href":"https:\/\/agromt.news\/index.php?rest_route=\/wp\/v2\/posts\/1184\/revisions"}],"wp:featuredmedia":[{"embeddable":true,"href":"https:\/\/agromt.news\/index.php?rest_route=\/wp\/v2\/media\/1185"}],"wp:attachment":[{"href":"https:\/\/agromt.news\/index.php?rest_route=%2Fwp%2Fv2%2Fmedia&parent=1184"}],"wp:term":[{"taxonomy":"category","embeddable":true,"href":"https:\/\/agromt.news\/index.php?rest_route=%2Fwp%2Fv2%2Fcategories&post=1184"},{"taxonomy":"post_tag","embeddable":true,"href":"https:\/\/agromt.news\/index.php?rest_route=%2Fwp%2Fv2%2Ftags&post=1184"}],"curies":[{"name":"wp","href":"https:\/\/api.w.org\/{rel}","templated":true}]}}