{"id":1178,"date":"2024-09-07T14:10:31","date_gmt":"2024-09-07T18:10:31","guid":{"rendered":"https:\/\/agromt.news\/?p=1178"},"modified":"2024-09-07T14:10:31","modified_gmt":"2024-09-07T18:10:31","slug":"abiec-considera-os-resultados-do-tac-da-carne-uma-grande-evolucao","status":"publish","type":"post","link":"https:\/\/agromt.news\/?p=1178","title":{"rendered":"Abiec considera os resultados do TAC da Carne uma grande evolu\u00e7\u00e3o"},"content":{"rendered":"<p> <br \/>\n<\/p>\n<div>\n<p>A Associa\u00e7\u00e3o Brasileira das Ind\u00fastrias Exportadoras de Carne (Abiec) participou, nesta quinta-feira (23), da solenidade comemorativa aos 15 anos, do\u00a0Termo de Ajustamento de Conduta da Carne (ou TAC da Carne), realizada na sede do Minist\u00e9rio P\u00fablico Federal (MPF), em Bel\u00e9m\/PA. O TAC foi firmado em 2009, como um dispositivo para coibir il\u00edcitos na cadeia pecu\u00e1ria da Amaz\u00f4nia, com respaldo em uma lei federal de 2008, que tornou os frigor\u00edficos correspons\u00e1veis por irregularidades em sua cadeia de fornecimento, como as fazendas de engorda e de termina\u00e7\u00e3o, das quais os animais saem para o abate. O TAC da Carne abrange atualmente seis dos nove estados da Amaz\u00f4nia Legal \u2013 Acre, Amazonas, Mato Grosso, Par\u00e1, Rond\u00f4nia e Tocantins.<\/p>\n<p>Hoje, de um total de 158 plantas na Amazonia Legal s\u00e3o 111 frigor\u00edficos signat\u00e1rios do TAC segundo mapeamento do Minist\u00e9rio P\u00fablico junto ao Instituto de Manejo e Certifica\u00e7\u00e3o Florestal e Agr\u00edcola (Imaflora). Associadas \u00e0 Abiec s\u00e3o 20 empresas com 51 plantas. O TAC engloba os crit\u00e9rios hoje descritos no Protocolo do Boi na Linha (<a href=\"https:\/\/www.boinalinha.org\/\" rel=\"nofollow noreferrer noopener\" target=\"_blank\">www.boinalinha.org<\/a>\u00a0) que re\u00fane e uniformiza procedimentos e par\u00e2metros, em protocolos que evoluem gradativamente e que s\u00e3o levados em considera\u00e7\u00e3o nas auditorias. Dentre eles, desmatamento ilegal; sobreposi\u00e7\u00e3o com terras ind\u00edgenas e com unidades de conserva\u00e7\u00e3o; embargo ambiental; trabalho escravo; Cadastro Ambiental Rural (CAR) e altera\u00e7\u00e3o nos limites do CAR; Licenciamento Ambiental Rural do estado do Par\u00e1; Guia de Tr\u00e2nsito Animal (GTA) e produtividade. No Par\u00e1, que passou pelo quinto ciclo de auditoria, o percentual de n\u00e3o-conformidades caiu de 10,4%, na auditoria de 2018, para 4,81%, na de 2023.<\/p>\n<p>De acordo com o Diretor de Sustentabilidade da Abiec, Fernando Sampaio \u2013 foram 15 anos de um processo de aprendizado. \u201cA ind\u00fastria construiu esse know-how de como mapear e avaliar risco em seu fornecimento\u201d, explica Sampaio. Em sua fala no evento, o diretor colocou o setor como parceiro do MPF, para enfrentar os desafios que ainda existem, como ampliar o n\u00famero de empresas participando dos protocolos de monitoramento, o controle de fornecedores indiretos, o envolvimento de outros setores, como varejo e bancos, e pediu maior participa\u00e7\u00e3o da ind\u00fastria na governan\u00e7a que existe hoje no Par\u00e1, e que essa governan\u00e7a seja ampliada para garantir participa\u00e7\u00e3o social nos outros estados da Amaz\u00f4nia.<\/p>\n<p>\u00a0O evento 15 Anos do TAC da Carne foi organizado por Amigos da Terra, Imaflora e a Alian\u00e7a Paraense pela Carne e pelo MPF. O Imaflora e Amigos da Terra secretariam o Comit\u00ea de Apoio ao TAC no Par\u00e1.<\/p>\n<p>A Abiec tem um termo de coopera\u00e7\u00e3o com o Imaflora para promover o uso e a amplia\u00e7\u00e3o do Protocolo Boi na Linha, e atua com Amigos da Terra no Grupo de Trabalho de Fornecedores Indiretos- GTFI.<\/p>\n<\/div>\n<p><script async defer src=\"https:\/\/connect.facebook.net\/en_US\/sdk.js\" type=\"f2867b0e1942c49802ffae41-text\/javascript\"><\/script><script type=\"f2867b0e1942c49802ffae41-text\/javascript\">\n  !function(f,b,e,v,n,t,s)\n  {if(f.fbq)return;n=f.fbq=function(){n.callMethod?\n    n.callMethod.apply(n,arguments):n.queue.push(arguments)};\n    if(!f._fbq)f._fbq=n;n.push=n;n.loaded=!0;n.version='2.0';\n    n.queue=[];t=b.createElement(e);t.async=!0;\n    t.src=v;s=b.getElementsByTagName(e)[0];\n    s.parentNode.insertBefore(t,s)}(window, document,'script',\n    'https:\/\/connect.facebook.net\/en_US\/fbevents.js');\n  fbq('init', '153495679422335');\n  fbq('track', 'PageView');\n<\/script><br \/>\n<br \/><br \/>\n<br \/><a href=\"https:\/\/www.noticiasagricolas.com.br\/noticias\/boi\/383542-abiec-considera-os-resultados-do-tac-da-carne-uma-grande-evolucao.html\">Source link <\/a><\/p>\n","protected":false},"excerpt":{"rendered":"<p>A Associa\u00e7\u00e3o Brasileira das Ind\u00fastrias Exportadoras de Carne (Abiec) participou, nesta quinta-feira (23), da solenidade comemorativa aos 15 anos, do\u00a0Termo<\/p>\n","protected":false},"author":1,"featured_media":1179,"comment_status":"open","ping_status":"open","sticky":false,"template":"","format":"standard","meta":{"_monsterinsights_skip_tracking":false,"_monsterinsights_sitenote_active":false,"_monsterinsights_sitenote_note":"","_monsterinsights_sitenote_category":0,"_uf_show_specific_survey":0,"_uf_disable_surveys":false,"footnotes":""},"categories":[8,1,14,16],"tags":[],"class_list":["post-1178","post","type-post","status-publish","format-standard","has-post-thumbnail","hentry","category-agro","category-news","category-politica-agro","category-safra"],"_links":{"self":[{"href":"https:\/\/agromt.news\/index.php?rest_route=\/wp\/v2\/posts\/1178"}],"collection":[{"href":"https:\/\/agromt.news\/index.php?rest_route=\/wp\/v2\/posts"}],"about":[{"href":"https:\/\/agromt.news\/index.php?rest_route=\/wp\/v2\/types\/post"}],"author":[{"embeddable":true,"href":"https:\/\/agromt.news\/index.php?rest_route=\/wp\/v2\/users\/1"}],"replies":[{"embeddable":true,"href":"https:\/\/agromt.news\/index.php?rest_route=%2Fwp%2Fv2%2Fcomments&post=1178"}],"version-history":[{"count":0,"href":"https:\/\/agromt.news\/index.php?rest_route=\/wp\/v2\/posts\/1178\/revisions"}],"wp:featuredmedia":[{"embeddable":true,"href":"https:\/\/agromt.news\/index.php?rest_route=\/wp\/v2\/media\/1179"}],"wp:attachment":[{"href":"https:\/\/agromt.news\/index.php?rest_route=%2Fwp%2Fv2%2Fmedia&parent=1178"}],"wp:term":[{"taxonomy":"category","embeddable":true,"href":"https:\/\/agromt.news\/index.php?rest_route=%2Fwp%2Fv2%2Fcategories&post=1178"},{"taxonomy":"post_tag","embeddable":true,"href":"https:\/\/agromt.news\/index.php?rest_route=%2Fwp%2Fv2%2Ftags&post=1178"}],"curies":[{"name":"wp","href":"https:\/\/api.w.org\/{rel}","templated":true}]}}