{"id":1174,"date":"2024-09-07T12:28:04","date_gmt":"2024-09-07T16:28:04","guid":{"rendered":"https:\/\/agromt.news\/?p=1174"},"modified":"2024-09-07T12:28:04","modified_gmt":"2024-09-07T16:28:04","slug":"producao-de-etanol-nos-eua-atinge-minima","status":"publish","type":"post","link":"https:\/\/agromt.news\/?p=1174","title":{"rendered":"Produ\u00e7\u00e3o de etanol nos EUA atinge m\u00ednima"},"content":{"rendered":"<p> <br \/>\n<\/p>\n<div>\n<div class=\"row\">\n<div class=\"col-lg col-infos mt-3 mt-lg-0\">\n<div class=\"section-sub-title\">\n<p itemprop=\"description\">\nCosta do Golfo contrariou a tend\u00eancia\n<\/p>\n<\/div>\n<div class=\"container\">\n<div class=\"row\">\n<div class=\"col-lg p-0\">\n<div>\n<div class=\"block-news-main-infos mt-3 text-start\">\n<strong class=\"fn\" itemprop=\"author\" style=\"color: rgb(112, 112, 112); \"><br \/>\n<a href=\"https:\/\/www.agrolink.com.br\/noticias\/javascript:;\" class=\"text-uppercase\" target=\"_blank\" style=\"color: rgb(112, 112, 112); \" rel=\"noopener\">Agrolink<\/a><br \/>\n&#8211; Leonardo Gottems<br \/>\n<\/strong><br \/>\n<br \/>\n<abbr><time datetime=\"2024-09-07T10:04\" itemprop=\"datePublished dateModified\">Publicado em 07\/09\/2024 \u00e0s 10:04h.<\/time><\/abbr>\n<\/div>\n<\/div>\n<\/div>\n<div class=\"col-lg p-0 text-lg-end\">\n<div>\n<div id=\"mdEnviarPagina\" class=\"modal fade\" role=\"dialog\">\n<div class=\"modal-dialog\">\n<div class=\"modal-content\">\n<div class=\"modal-body\">\n<p><strong>Estimado usu\u00e1rio.<\/strong><br \/>Preencha o formul\u00e1rio abaixo para remeter a p\u00e1gina.<\/p>\n<\/div>\n<\/div>\n<\/div>\n<\/div>\n<\/div>\n<\/div>\n<\/div>\n<\/div>\n<\/div>\n<\/div>\n<div class=\"row justify-content-md-center mt-3\">\n<div class=\"col-lg-auto col-image  block-news-main-image d-none d-md-block\">\n<img decoding=\"async\" src=\"https:\/\/www.agrolink.com.br\/upload\/imagens-resizes\/92d3ef20f03543bab83ffb4d08628e5e_858x483.jpg\" class=\"lazyload\" alt=\"O Centro-Oeste, a principal regi\u00e3o produtora de etanol, viu sua produ\u00e7\u00e3o cair para uma m\u00e9dia de 1,002 milh\u00e3o de barris\"\/><br \/>\n<span class=\"d-block mt-1\">O Centro-Oeste, a principal regi\u00e3o produtora de etanol, viu sua produ\u00e7\u00e3o cair para uma m\u00e9dia de 1,002 milh\u00e3o de barris &#8211; Foto: Pixabay<\/span>\n<\/div>\n<\/div>\n<div class=\"section-description section-description-noticias mt-3\">\n<p>A produ\u00e7\u00e3o de etanol nos Estados Unidos caiu para o n\u00edvel mais baixo em quase dois meses, conforme dados da Energy Information Administration (EIA). Na semana encerrada em 30 de agosto, a produ\u00e7\u00e3o m\u00e9dia foi de 1,061 milh\u00e3o de barris por dia, uma redu\u00e7\u00e3o em rela\u00e7\u00e3o aos 1,071 milh\u00e3o de barris da semana anterior. Este \u00e9 o menor n\u00edvel de produ\u00e7\u00e3o desde 5 de julho, refletindo uma tend\u00eancia de queda significativa.\n<\/p>\n<p>O Centro-Oeste, a principal regi\u00e3o produtora de etanol, viu sua produ\u00e7\u00e3o cair para uma m\u00e9dia de 1,002 milh\u00e3o de barris por dia, em compara\u00e7\u00e3o com 1,012 milh\u00e3o de barris na semana anterior. Esse \u00e9 o n\u00edvel mais baixo registrado na regi\u00e3o em quase dois meses. A produ\u00e7\u00e3o da Costa Leste tamb\u00e9m caiu, atingindo uma m\u00e9dia de 9.000 barris por dia, de 12.000 barris, enquanto as Montanhas Rochosas reduziram sua produ\u00e7\u00e3o para 11.000 barris, de 12.000 barris na semana anterior.<\/p>\n<p>Contrariando a tend\u00eancia geral de queda, a produ\u00e7\u00e3o de etanol na Costa do Golfo registrou um aumento de mil barris, alcan\u00e7ando uma m\u00e9dia di\u00e1ria de 29.000 barris. Esse crescimento indica uma recupera\u00e7\u00e3o parcial na regi\u00e3o, que contrastou com a diminui\u00e7\u00e3o observada em outras \u00e1reas. Da mesma forma, a Costa Oeste tamb\u00e9m apresentou uma melhora significativa, com a produ\u00e7\u00e3o subindo para 10.000 barris por dia, um incremento consider\u00e1vel em rela\u00e7\u00e3o aos 8.000 barris registrados na semana anterior.\u00a0\n<\/p>\n<p>Os estoques de etanol na semana encerrada em 30 de agosto diminu\u00edram para 23,354 milh\u00f5es de barris, uma queda em rela\u00e7\u00e3o aos 23,572 milh\u00f5es de barris da semana anterior. Este \u00e9 o menor n\u00edvel de estoques registrado em tr\u00eas semanas, indicando uma poss\u00edvel diminui\u00e7\u00e3o na oferta ou um aumento na demanda que est\u00e1 pressionando os n\u00edveis de estoque para baixo.<\/p>\n<\/div>\n<\/div>\n<p><script data-cfasync=\"false\">\n    !function (f, b, e, v, n, t, s) {\n        if (f.fbq) return; n = f.fbq = function () {\n            n.callMethod ?\n                n.callMethod.apply(n, arguments) : n.queue.push(arguments)\n        };\n        if (!f._fbq) f._fbq = n; n.push = n; n.loaded = !0; n.version = '2.0';\n        n.queue = []; t = b.createElement(e); t.async = !0;\n        t.src = v; s = b.getElementsByTagName(e)[0];\n        s.parentNode.insertBefore(t, s)\n    }(window, document, 'script',\n        'https:\/\/connect.facebook.net\/en_US\/fbevents.js');\n    fbq('init', '522546078623747');\n    fbq('track', 'PageView');\n<\/script><br \/>\n<br \/><br \/>\n<br \/><a href=\"https:\/\/www.agrolink.com.br\/noticias\/producao-de-etanol-nos-eua-atinge-minima_494749.html\">Source link <\/a><\/p>\n","protected":false},"excerpt":{"rendered":"<p>Costa do Golfo contrariou a tend\u00eancia Agrolink &#8211; Leonardo Gottems Publicado em 07\/09\/2024 \u00e0s 10:04h. Estimado usu\u00e1rio.Preencha o formul\u00e1rio abaixo<\/p>\n","protected":false},"author":1,"featured_media":1175,"comment_status":"open","ping_status":"open","sticky":false,"template":"","format":"standard","meta":{"_monsterinsights_skip_tracking":false,"_monsterinsights_sitenote_active":false,"_monsterinsights_sitenote_note":"","_monsterinsights_sitenote_category":0,"_uf_show_specific_survey":0,"_uf_disable_surveys":false,"footnotes":""},"categories":[8,1,14],"tags":[],"class_list":["post-1174","post","type-post","status-publish","format-standard","has-post-thumbnail","hentry","category-agro","category-news","category-politica-agro"],"_links":{"self":[{"href":"https:\/\/agromt.news\/index.php?rest_route=\/wp\/v2\/posts\/1174"}],"collection":[{"href":"https:\/\/agromt.news\/index.php?rest_route=\/wp\/v2\/posts"}],"about":[{"href":"https:\/\/agromt.news\/index.php?rest_route=\/wp\/v2\/types\/post"}],"author":[{"embeddable":true,"href":"https:\/\/agromt.news\/index.php?rest_route=\/wp\/v2\/users\/1"}],"replies":[{"embeddable":true,"href":"https:\/\/agromt.news\/index.php?rest_route=%2Fwp%2Fv2%2Fcomments&post=1174"}],"version-history":[{"count":0,"href":"https:\/\/agromt.news\/index.php?rest_route=\/wp\/v2\/posts\/1174\/revisions"}],"wp:featuredmedia":[{"embeddable":true,"href":"https:\/\/agromt.news\/index.php?rest_route=\/wp\/v2\/media\/1175"}],"wp:attachment":[{"href":"https:\/\/agromt.news\/index.php?rest_route=%2Fwp%2Fv2%2Fmedia&parent=1174"}],"wp:term":[{"taxonomy":"category","embeddable":true,"href":"https:\/\/agromt.news\/index.php?rest_route=%2Fwp%2Fv2%2Fcategories&post=1174"},{"taxonomy":"post_tag","embeddable":true,"href":"https:\/\/agromt.news\/index.php?rest_route=%2Fwp%2Fv2%2Ftags&post=1174"}],"curies":[{"name":"wp","href":"https:\/\/api.w.org\/{rel}","templated":true}]}}