{"id":1164,"date":"2024-09-07T00:23:58","date_gmt":"2024-09-07T04:23:58","guid":{"rendered":"https:\/\/agromt.news\/?p=1164"},"modified":"2024-09-07T00:23:58","modified_gmt":"2024-09-07T04:23:58","slug":"cevada-apresenta-projecao-de-alta-produtividade","status":"publish","type":"post","link":"https:\/\/agromt.news\/?p=1164","title":{"rendered":"Cevada apresenta proje\u00e7\u00e3o de alta produtividade"},"content":{"rendered":"<p> <br \/>\n<\/p>\n<div>\n<p style=\"text-align:justify\">De acordo com o Informativo Conjuntural divulgado nesta quinta-feira (05) pela Ger\u00eancia de Planejamento, o desenvolvimento das lavouras de cevada no Rio Grande do Sul\u00a0est\u00e1 em boas condi\u00e7\u00f5es gerais. As plantas est\u00e3o expandindo a \u00e1rea foliar e, nas \u00e1reas semeadas no in\u00edcio da janela de plantio, encontram-se nas fases de emiss\u00e3o de espigas e flora\u00e7\u00e3o.\n<\/p>\n<p style=\"text-align:justify\">O manejo de plantas daninhas e a aplica\u00e7\u00e3o de nitrog\u00eanio foram finalizados, com os produtores agora focados no controle de doen\u00e7as, especialmente o o\u00eddio, por meio da aplica\u00e7\u00e3o de fungicidas. No extremo Norte do Estado, algumas \u00e1reas semeadas no in\u00edcio da janela de plantio e atualmente em fase de flora\u00e7\u00e3o t\u00eam recebido aten\u00e7\u00e3o especial devido aos danos causados por geadas.<\/p>\n<p style=\"text-align:justify\">A proje\u00e7\u00e3o para a safra \u00e9 de 34.429 hectares, com uma expectativa de produtividade de 3.245 kg\/ha. Na regi\u00e3o administrativa da Emater\/RS-Ascar de Erechim, apesar de alguns danos pontuais provocados por geadas, a expectativa de produ\u00e7\u00e3o permanece alta, alcan\u00e7ando 3.600 kg\/ha, devido ao elevado potencial produtivo das \u00e1reas semeadas no final da janela de plantio.\n<\/p>\n<p style=\"text-align:justify\">Em Frederico Westphalen, aproximadamente 60% da \u00e1rea est\u00e1 em desenvolvimento vegetativo, 35% em florescimento e 5% em enchimento de gr\u00e3os. Na regi\u00e3o de Iju\u00ed, as lavouras est\u00e3o no final do est\u00e1dio vegetativo, com baixa incid\u00eancia de doen\u00e7as e excelente potencial produtivo. Comparado \u00e0s safras anteriores, as plantas mostram melhor sanidade e menos folhas basais amareladas.<\/p>\n<p style=\"text-align:justify\">Em Soledade, 19% das lavouras est\u00e3o em perfilhamento, 78% em alongamento de colmo e 3% em espigamento. As condi\u00e7\u00f5es clim\u00e1ticas durante o per\u00edodo foram favor\u00e1veis, e as perspectivas de produtividade est\u00e3o alinhadas \u00e0s expectativas, especialmente para as lavouras manejadas com boas pr\u00e1ticas tecnol\u00f3gicas. No entanto, foram registrados casos de defici\u00eancias nutricionais em algumas \u00e1reas.\n<\/p>\n<p style=\"text-align:justify\">No mercado, a cota\u00e7\u00e3o m\u00e9dia da cevada para ind\u00fastria de malte na regi\u00e3o de Erechim \u00e9 de R$ 85,00 por saca de 60 quilos, enquanto em Frederico Westphalen, o pre\u00e7o m\u00e9dio \u00e9 de R$ 83,00 por saca.<\/p>\n<\/div>\n<p><script data-cfasync=\"false\">\n    !function (f, b, e, v, n, t, s) {\n        if (f.fbq) return; n = f.fbq = function () {\n            n.callMethod ?\n                n.callMethod.apply(n, arguments) : n.queue.push(arguments)\n        };\n        if (!f._fbq) f._fbq = n; n.push = n; n.loaded = !0; n.version = '2.0';\n        n.queue = []; t = b.createElement(e); t.async = !0;\n        t.src = v; s = b.getElementsByTagName(e)[0];\n        s.parentNode.insertBefore(t, s)\n    }(window, document, 'script',\n        'https:\/\/connect.facebook.net\/en_US\/fbevents.js');\n    fbq('init', '522546078623747');\n    fbq('track', 'PageView');\n<\/script><br \/>\n<br \/><br \/>\n<br \/><a href=\"https:\/\/www.agrolink.com.br\/noticias\/cevada-apresentam-projecao-de-alta-produtividade_494695.html\">Source link <\/a><\/p>\n","protected":false},"excerpt":{"rendered":"<p>De acordo com o Informativo Conjuntural divulgado nesta quinta-feira (05) pela Ger\u00eancia de Planejamento, o desenvolvimento das lavouras de cevada<\/p>\n","protected":false},"author":1,"featured_media":1165,"comment_status":"open","ping_status":"open","sticky":false,"template":"","format":"standard","meta":{"_monsterinsights_skip_tracking":false,"_monsterinsights_sitenote_active":false,"_monsterinsights_sitenote_note":"","_monsterinsights_sitenote_category":0,"_uf_show_specific_survey":0,"_uf_disable_surveys":false,"footnotes":""},"categories":[8,1,14],"tags":[],"class_list":["post-1164","post","type-post","status-publish","format-standard","has-post-thumbnail","hentry","category-agro","category-news","category-politica-agro"],"_links":{"self":[{"href":"https:\/\/agromt.news\/index.php?rest_route=\/wp\/v2\/posts\/1164"}],"collection":[{"href":"https:\/\/agromt.news\/index.php?rest_route=\/wp\/v2\/posts"}],"about":[{"href":"https:\/\/agromt.news\/index.php?rest_route=\/wp\/v2\/types\/post"}],"author":[{"embeddable":true,"href":"https:\/\/agromt.news\/index.php?rest_route=\/wp\/v2\/users\/1"}],"replies":[{"embeddable":true,"href":"https:\/\/agromt.news\/index.php?rest_route=%2Fwp%2Fv2%2Fcomments&post=1164"}],"version-history":[{"count":0,"href":"https:\/\/agromt.news\/index.php?rest_route=\/wp\/v2\/posts\/1164\/revisions"}],"wp:featuredmedia":[{"embeddable":true,"href":"https:\/\/agromt.news\/index.php?rest_route=\/wp\/v2\/media\/1165"}],"wp:attachment":[{"href":"https:\/\/agromt.news\/index.php?rest_route=%2Fwp%2Fv2%2Fmedia&parent=1164"}],"wp:term":[{"taxonomy":"category","embeddable":true,"href":"https:\/\/agromt.news\/index.php?rest_route=%2Fwp%2Fv2%2Fcategories&post=1164"},{"taxonomy":"post_tag","embeddable":true,"href":"https:\/\/agromt.news\/index.php?rest_route=%2Fwp%2Fv2%2Ftags&post=1164"}],"curies":[{"name":"wp","href":"https:\/\/api.w.org\/{rel}","templated":true}]}}