{"id":1162,"date":"2024-09-06T23:50:17","date_gmt":"2024-09-07T03:50:17","guid":{"rendered":"https:\/\/agromt.news\/?p=1162"},"modified":"2024-09-06T23:50:17","modified_gmt":"2024-09-07T03:50:17","slug":"demanda-forte-e-escalas-curtas-sinalizam-que-precos-seguirao-subindo","status":"publish","type":"post","link":"https:\/\/agromt.news\/?p=1162","title":{"rendered":"demanda forte e escalas curtas sinalizam que pre\u00e7os seguir\u00e3o subindo"},"content":{"rendered":"<p> <br \/>\n<\/p>\n<div>\n<p>O mercado f\u00edsico do boi gordo encerrou a semana com pre\u00e7os firmes. O vi\u00e9s ainda \u00e9 de alta no curto prazo, considerando o encurtamento das escalas de abate em um momento de demanda muito positiva para a carne bovina.<\/p>\n<p>O resultado das exporta\u00e7\u00f5es ainda sinaliza para embarques recorde na atual temporada, da mesma maneira que a demanda dom\u00e9stica tamb\u00e9m conta com avan\u00e7os em um momento de baixo n\u00edvel de desemprego. <\/p>\n<p>\u201cEsse ambiente sugere por forte impacto do d\u00e9cimo terceiro sal\u00e1rio na atividade econ\u00f4mica na atual temporada\u201d, disse o analista da consultoria <strong><a href=\"https:\/\/safras.com.br\/\">Safras &amp; Mercado<\/a><\/strong>, Fernando Henrique<br \/>Iglesias.<\/p>\n<\/div>\n<div>\n<h2 class=\"wp-block-heading\" id=\"h-precos-medios-da-arroba-do-boi\">Pre\u00e7os m\u00e9dios da arroba do boi<\/h2>\n<ul class=\"wp-block-list\">\n<li><strong>Mato Grosso do Sul:<\/strong> R$ 250,25<\/li>\n<\/ul>\n<h2 class=\"wp-block-heading\" id=\"h-mercado-atacadista\">Mercado atacadista<\/h2>\n<figure class=\"wp-block-image size-full\"><img fetchpriority=\"high\" decoding=\"async\" width=\"640\" height=\"419\" alt=\"carne bovina - exporta\u00e7\u00f5es\" class=\"wp-image-2931223\"  data-lazy- src=\"https:\/\/agromt.news\/wp-content\/uploads\/2024\/08\/Precos-do-boi-gordo-seguem-em-alta-veja-cotacoes-do.jpg\"\/><img decoding=\"async\" width=\"640\" height=\"419\" src=\"https:\/\/agromt.news\/wp-content\/uploads\/2024\/08\/Precos-do-boi-gordo-seguem-em-alta-veja-cotacoes-do.jpg\" alt=\"carne bovina - exporta\u00e7\u00f5es\" class=\"wp-image-2931223\"  \/><figcaption class=\"wp-element-caption\">Foto: Wenderson Araujo\/CNA<\/figcaption><\/figure>\n<p>O <strong><a href=\"https:\/\/www.canalrural.com.br\/pecuaria\/\">mercado atacadista<\/a><\/strong> se mant\u00e9m com pre\u00e7os firmes. Segundo Iglesias, o ambiente de neg\u00f3cios ainda sugere pela eleva\u00e7\u00e3o dos pre\u00e7os no curto prazo, em linha com a boa reposi\u00e7\u00e3o entre atacado e varejo durante a primeira quinzena do m\u00eas, per\u00edodo pautado por maior apelo ao consumo. <\/p>\n<p>O fluxo de exporta\u00e7\u00e3o permanece muito contundente, com perspectiva de um recorde de embarques na atual temporada.<\/p>\n<p>O quarto traseiro segue precificado a R$ 18,40 por quilo. O quarto dianteiro ainda \u00e9 precificado a R$ 14,00 por quilo. A ponta de agulha permanece precificada a R$ 14,00.<\/p>\n<h2 class=\"wp-block-heading\" id=\"h-cambio\">C\u00e2mbio<\/h2>\n<p>O d\u00f3lar comercial encerrou a sess\u00e3o em alta de 0,35%, sendo negociado a R$ 5,5914 para venda e a R$ 5,5893 para compra. Durante o dia, a moeda norte-americana oscilou entre a m\u00ednima de R$ 5,5289 e a m\u00e1xima de R$ 5,6010. Na semana, a moeda teve desvaloriza\u00e7\u00e3o de 0,73%.<\/p>\n<\/div>\n<p><br \/>\n<br \/><a href=\"https:\/\/www.canalrural.com.br\/pecuaria\/boi-demanda-forte-e-escalas-curtas-sinalizam-que-precos-seguirao-subindo\/\">Source link <\/a><\/p>\n","protected":false},"excerpt":{"rendered":"<p>O mercado f\u00edsico do boi gordo encerrou a semana com pre\u00e7os firmes. O vi\u00e9s ainda \u00e9 de alta no curto<\/p>\n","protected":false},"author":1,"featured_media":1163,"comment_status":"open","ping_status":"open","sticky":false,"template":"","format":"standard","meta":{"_monsterinsights_skip_tracking":false,"_monsterinsights_sitenote_active":false,"_monsterinsights_sitenote_note":"","_monsterinsights_sitenote_category":0,"_uf_show_specific_survey":0,"_uf_disable_surveys":false,"footnotes":""},"categories":[1],"tags":[],"class_list":["post-1162","post","type-post","status-publish","format-standard","has-post-thumbnail","hentry","category-news"],"_links":{"self":[{"href":"https:\/\/agromt.news\/index.php?rest_route=\/wp\/v2\/posts\/1162"}],"collection":[{"href":"https:\/\/agromt.news\/index.php?rest_route=\/wp\/v2\/posts"}],"about":[{"href":"https:\/\/agromt.news\/index.php?rest_route=\/wp\/v2\/types\/post"}],"author":[{"embeddable":true,"href":"https:\/\/agromt.news\/index.php?rest_route=\/wp\/v2\/users\/1"}],"replies":[{"embeddable":true,"href":"https:\/\/agromt.news\/index.php?rest_route=%2Fwp%2Fv2%2Fcomments&post=1162"}],"version-history":[{"count":0,"href":"https:\/\/agromt.news\/index.php?rest_route=\/wp\/v2\/posts\/1162\/revisions"}],"wp:featuredmedia":[{"embeddable":true,"href":"https:\/\/agromt.news\/index.php?rest_route=\/wp\/v2\/media\/1163"}],"wp:attachment":[{"href":"https:\/\/agromt.news\/index.php?rest_route=%2Fwp%2Fv2%2Fmedia&parent=1162"}],"wp:term":[{"taxonomy":"category","embeddable":true,"href":"https:\/\/agromt.news\/index.php?rest_route=%2Fwp%2Fv2%2Fcategories&post=1162"},{"taxonomy":"post_tag","embeddable":true,"href":"https:\/\/agromt.news\/index.php?rest_route=%2Fwp%2Fv2%2Ftags&post=1162"}],"curies":[{"name":"wp","href":"https:\/\/api.w.org\/{rel}","templated":true}]}}