{"id":1158,"date":"2024-09-06T23:10:53","date_gmt":"2024-09-07T03:10:53","guid":{"rendered":"https:\/\/agromt.news\/?p=1158"},"modified":"2024-09-06T23:10:53","modified_gmt":"2024-09-07T03:10:53","slug":"lula-diz-que-o-agronegocio-e-o-mst-tem-a-mesma-importancia","status":"publish","type":"post","link":"https:\/\/agromt.news\/?p=1158","title":{"rendered":"Lula diz que o agroneg\u00f3cio e o MST t\u00eam a mesma import\u00e2ncia"},"content":{"rendered":"<p> <br \/>\n<br \/><img decoding=\"async\" src=\"https:\/\/agromt.news\/wp-content\/uploads\/2024\/09\/Lula-diz-que-o-agronegocio-e-o-MST-tem-a.jpg\" \/><\/p>\n<div>\n<p>O presidente Luiz In\u00e1cio Lula da Silva afirmou nesta sexta-feira (6) que o agroneg\u00f3cio brasileiro enfrenta uma diverg\u00eancia com o governo do PT por raz\u00f5es ideol\u00f3gicas e n\u00e3o por falta de recursos e apoio. <\/p>\n<p>O chefe do Executivo tamb\u00e9m mencionou o papel do Movimento dos Trabalhadores Rurais Sem Terra (MST) nesse cen\u00e1rio, afirmando que as cr\u00edticas dirigidas s\u00e3o injustas. <\/p>\n<figure class=\"wp-block-embed is-type-video is-provider-youtube wp-block-embed-youtube wp-embed-aspect-16-9 wp-has-aspect-ratio\">\n<p>\n<iframe title=\"Daoud comenta | Lula diz que MST \u00e9 t\u00e3o \u00fatil quanto o agroneg\u00f3cio\" width=\"800\" height=\"450\" src=\"https:\/\/www.youtube.com\/embed\/TAWCU-QwW5c?feature=oembed\" frameborder=\"0\" allow=\"accelerometer; autoplay; clipboard-write; encrypted-media; gyroscope; picture-in-picture; web-share\" referrerpolicy=\"strict-origin-when-cross-origin\" allowfullscreen><\/iframe><noscript><iframe title=\"Daoud comenta | Lula diz que MST \u00e9 t\u00e3o \u00fatil quanto o agroneg\u00f3cio\" width=\"800\" height=\"450\" src=\"https:\/\/www.youtube.com\/embed\/TAWCU-QwW5c?feature=oembed\" frameborder=\"0\" allow=\"accelerometer; autoplay; clipboard-write; encrypted-media; gyroscope; picture-in-picture; web-share\" referrerpolicy=\"strict-origin-when-cross-origin\" allowfullscreen><\/iframe><\/noscript>\n<\/p>\n<\/figure>\n<p>\u201cH\u00e1 d\u00e9cadas os sem-terra n\u00e3o invadem terras produtivas, mas o agroneg\u00f3cio mant\u00e9m uma postura de rejei\u00e7\u00e3o. Tanto o MST quanto o agroneg\u00f3cio s\u00e3o fundamentais para o Brasil\u201d, destacou.<\/p>\n<\/div>\n<div>\n<p>Ao ser questionado sobre as dificuldades de sua gest\u00e3o com o agroneg\u00f3cio, o presidente ressaltou que defende o MST e valoriza tanto os grandes exportadores quanto os pequenos produtores.<\/p>\n<p>\u201cOs grandes exportadores garantem qualidade e abrem mercados internacionais. J\u00e1 os pequenos produtores, que representam quase 5 milh\u00f5es de propriedades de at\u00e9 100 hectares, s\u00e3o os que colocam comida na mesa dos brasileiros. Eles criam frangos, su\u00ednos e outros alimentos essenciais. Ambos s\u00e3o igualmente importantes\u201d, explicou Lula.<\/p>\n<h2 class=\"wp-block-heading\" id=\"h-daoud-rebateu-o-presidente\">Daoud rebateu o presidente<\/h2>\n<p>O comentarista do <strong><a href=\"https:\/\/www.canalrural.com.br\/\">Canal Rural<\/a><\/strong>, Miguel Daoud, rebateu o presidente, dizendo que Lula est\u00e1 enganado, visto as invas\u00f5es de terras no chamado Abril Vermelho, onde unidades de pesquisa e propriedades foram ocupadas. <\/p>\n<p>Daoud tamb\u00e9m refutou o dado trazido pelo presidente, a respeito das 5 milh\u00f5es de pequenas propriedades. \u201cDessas, apenas 2,1 milh\u00f5es est\u00e3o no Proagro, na agricultura familiar. Os demais est\u00e3o abandonas, na rede de assist\u00eancia social [\u2026].<\/p>\n<p>Para o comentarista, as fa\u00edscas entre o agroneg\u00f3cio e o governo petista n\u00e3o s\u00e3o ideol\u00f3gicas. \u201cOs produtores rurais t\u00eam grande preocupa\u00e7\u00e3o sobre a instabilidade que o senhor [president] traz para o campo. A leni\u00eancia do governo em n\u00e3o questionar as invas\u00f5es \u00e9 preocupante\u201d. <\/p>\n<p><strong>Veja o coment\u00e1rio de Miguel Daoud na \u00edntegra no v\u00eddeo acima.<\/strong><\/p>\n<\/div>\n<p><br \/>\n<br \/><a href=\"https:\/\/www.canalrural.com.br\/politica\/lula-diz-que-o-agronegocio-e-o-mst-tem-a-mesma-importancia\/\">Source link <\/a><\/p>\n","protected":false},"excerpt":{"rendered":"<p>O presidente Luiz In\u00e1cio Lula da Silva afirmou nesta sexta-feira (6) que o agroneg\u00f3cio brasileiro enfrenta uma diverg\u00eancia com o<\/p>\n","protected":false},"author":1,"featured_media":1159,"comment_status":"open","ping_status":"open","sticky":false,"template":"","format":"standard","meta":{"_monsterinsights_skip_tracking":false,"_monsterinsights_sitenote_active":false,"_monsterinsights_sitenote_note":"","_monsterinsights_sitenote_category":0,"_uf_show_specific_survey":0,"_uf_disable_surveys":false,"footnotes":""},"categories":[1],"tags":[],"class_list":["post-1158","post","type-post","status-publish","format-standard","has-post-thumbnail","hentry","category-news"],"_links":{"self":[{"href":"https:\/\/agromt.news\/index.php?rest_route=\/wp\/v2\/posts\/1158"}],"collection":[{"href":"https:\/\/agromt.news\/index.php?rest_route=\/wp\/v2\/posts"}],"about":[{"href":"https:\/\/agromt.news\/index.php?rest_route=\/wp\/v2\/types\/post"}],"author":[{"embeddable":true,"href":"https:\/\/agromt.news\/index.php?rest_route=\/wp\/v2\/users\/1"}],"replies":[{"embeddable":true,"href":"https:\/\/agromt.news\/index.php?rest_route=%2Fwp%2Fv2%2Fcomments&post=1158"}],"version-history":[{"count":0,"href":"https:\/\/agromt.news\/index.php?rest_route=\/wp\/v2\/posts\/1158\/revisions"}],"wp:featuredmedia":[{"embeddable":true,"href":"https:\/\/agromt.news\/index.php?rest_route=\/wp\/v2\/media\/1159"}],"wp:attachment":[{"href":"https:\/\/agromt.news\/index.php?rest_route=%2Fwp%2Fv2%2Fmedia&parent=1158"}],"wp:term":[{"taxonomy":"category","embeddable":true,"href":"https:\/\/agromt.news\/index.php?rest_route=%2Fwp%2Fv2%2Fcategories&post=1158"},{"taxonomy":"post_tag","embeddable":true,"href":"https:\/\/agromt.news\/index.php?rest_route=%2Fwp%2Fv2%2Ftags&post=1158"}],"curies":[{"name":"wp","href":"https:\/\/api.w.org\/{rel}","templated":true}]}}