{"id":1156,"date":"2024-09-06T22:47:26","date_gmt":"2024-09-07T02:47:26","guid":{"rendered":"https:\/\/agromt.news\/?p=1156"},"modified":"2024-09-06T22:47:26","modified_gmt":"2024-09-07T02:47:26","slug":"mais-de-230-mil-hectares-de-cana-de-acucar-foram-atingidos-pelos-incendios","status":"publish","type":"post","link":"https:\/\/agromt.news\/?p=1156","title":{"rendered":"Mais de 230 mil hectares de cana-de-a\u00e7\u00facar foram atingidos pelos inc\u00eandios"},"content":{"rendered":"<p> <br \/>\n<br \/><img decoding=\"async\" src=\"https:\/\/agromt.news\/wp-content\/uploads\/2024\/09\/Mais-de-230-mil-hectares-de-cana-de-acucar-foram-atingidos-pelos.webp.webp\" \/><\/p>\n<div>\n<p>Ao menos 231,83 mil hectares de lavouras de cana-de-a\u00e7\u00facar foram atingidos pelos recentes inc\u00eandios registrados no interior de S\u00e3o Paulo. <\/p>\n<p>O dado \u00e9 fruto de levantamento parcial realizado pela Uni\u00e3o da Ind\u00fastria de Cana-de-A\u00e7\u00facar<br \/>e Bioenergia <strong><a href=\"https:\/\/unica.com.br\/\">(Unica)<\/a><\/strong> junto \u00e0s usinas do estado e refere-se \u00e0s ocorr\u00eancias de agosto. <\/p>\n<\/div>\n<div>\n<p>As empresas com os n\u00fameros j\u00e1 contabilizados representam mais de 75% da produ\u00e7\u00e3o paulista de cana-de-a\u00e7\u00facar.<\/p>\n<p>De acordo com o levantamento, 132,04 mil hectares s\u00e3o de \u00e1reas que ainda seriam colhidas. O restante, ou seja, 99,79 mil hectares, \u00e9 referente a locais em que a cana-de-a\u00e7\u00facar j\u00e1 havia<br \/>sido colhida ou a <strong><a href=\"https:\/\/www.canalrural.com.br\/agricultura\/\">lavouras de cana-planta<\/a><\/strong> (plantadas nesse ano para colheita no pr\u00f3ximo ciclo agr\u00edcola).<\/p>\n<p>As regi\u00f5es de Ribeir\u00e3o Preto, S\u00e3o Jos\u00e9 do Rio Preto e S\u00e3o Carlos foram as mais atingidas pelos inc\u00eandios, respondendo por cerca de <strong>90% <\/strong>da \u00e1rea queimada apurada at\u00e9 o momento. Nas regi\u00f5es de Piracicaba, Ara\u00e7atuba e Assis o impacto dos inc\u00eandios foi menor.<\/p>\n<h2 class=\"wp-block-heading\" id=\"h-combate-aos-incendios-na-cana-de-acucar\">Combate aos inc\u00eandios na cana-de-a\u00e7\u00facar<\/h2>\n<p>A Unica e suas associadas colocaram \u00e0 disposi\u00e7\u00e3o do estado de S\u00e3o Paulo toda a estrutura de combate ao fogo j\u00e1 dispon\u00edvel nas usinas. <\/p>\n<p>De acordo com a entidade, mais de <strong>1,5 mil caminh\u00f5es-pipa<\/strong> e cerca de <strong>10 mil colaboradores<\/strong> do setor sucroenerg\u00e9tico treinados para combater inc\u00eandios continuam atuando sob coordena\u00e7\u00e3o do governo estadual.<\/p>\n<p>\u201cNesse momento, os esfor\u00e7os do setor seguem dedicados \u00e0 preven\u00e7\u00e3o e combate dos focos de inc\u00eandio, com seguran\u00e7a aos colaboradores e colabora\u00e7\u00e3o com o governo do estado\u201d, destaca o diretor de Intelig\u00eancia Setorial da Unica, Luciano Rodrigues.<\/p>\n<\/div>\n<p><br \/>\n<br \/><a href=\"https:\/\/www.canalrural.com.br\/agricultura\/mais-de-230-mil-hectares-de-cana-de-acucar-foram-atingidos-pelos-incendios\/\">Source link <\/a><\/p>\n","protected":false},"excerpt":{"rendered":"<p>Ao menos 231,83 mil hectares de lavouras de cana-de-a\u00e7\u00facar foram atingidos pelos recentes inc\u00eandios registrados no interior de S\u00e3o Paulo.<\/p>\n","protected":false},"author":1,"featured_media":1157,"comment_status":"open","ping_status":"open","sticky":false,"template":"","format":"standard","meta":{"_monsterinsights_skip_tracking":false,"_monsterinsights_sitenote_active":false,"_monsterinsights_sitenote_note":"","_monsterinsights_sitenote_category":0,"_uf_show_specific_survey":0,"_uf_disable_surveys":false,"footnotes":""},"categories":[1],"tags":[],"class_list":["post-1156","post","type-post","status-publish","format-standard","has-post-thumbnail","hentry","category-news"],"_links":{"self":[{"href":"https:\/\/agromt.news\/index.php?rest_route=\/wp\/v2\/posts\/1156"}],"collection":[{"href":"https:\/\/agromt.news\/index.php?rest_route=\/wp\/v2\/posts"}],"about":[{"href":"https:\/\/agromt.news\/index.php?rest_route=\/wp\/v2\/types\/post"}],"author":[{"embeddable":true,"href":"https:\/\/agromt.news\/index.php?rest_route=\/wp\/v2\/users\/1"}],"replies":[{"embeddable":true,"href":"https:\/\/agromt.news\/index.php?rest_route=%2Fwp%2Fv2%2Fcomments&post=1156"}],"version-history":[{"count":0,"href":"https:\/\/agromt.news\/index.php?rest_route=\/wp\/v2\/posts\/1156\/revisions"}],"wp:featuredmedia":[{"embeddable":true,"href":"https:\/\/agromt.news\/index.php?rest_route=\/wp\/v2\/media\/1157"}],"wp:attachment":[{"href":"https:\/\/agromt.news\/index.php?rest_route=%2Fwp%2Fv2%2Fmedia&parent=1156"}],"wp:term":[{"taxonomy":"category","embeddable":true,"href":"https:\/\/agromt.news\/index.php?rest_route=%2Fwp%2Fv2%2Fcategories&post=1156"},{"taxonomy":"post_tag","embeddable":true,"href":"https:\/\/agromt.news\/index.php?rest_route=%2Fwp%2Fv2%2Ftags&post=1156"}],"curies":[{"name":"wp","href":"https:\/\/api.w.org\/{rel}","templated":true}]}}