{"id":1154,"date":"2024-09-06T22:33:26","date_gmt":"2024-09-07T02:33:26","guid":{"rendered":"https:\/\/agromt.news\/?p=1154"},"modified":"2024-09-06T22:33:26","modified_gmt":"2024-09-07T02:33:26","slug":"queimadas-colocam-tocantins-em-estado-de-emergencia","status":"publish","type":"post","link":"https:\/\/agromt.news\/?p=1154","title":{"rendered":"Queimadas colocam Tocantins em estado de emerg\u00eancia"},"content":{"rendered":"<p> <br \/>\n<\/p>\n<div>\n<p>O governador do <strong>Tocantins<\/strong>, Wanderlei Barbosa, decretou <strong>situa\u00e7\u00e3o de emerg\u00eancia <\/strong>por<strong> 180 dias<\/strong>, por causa das queimadas, permitindo a mobiliza\u00e7\u00e3o de todos os \u00f3rg\u00e3os estaduais sob a coordena\u00e7\u00e3o da Defesa Civil e do Corpo de Bombeiros no combate ao fogo.<\/p>\n<p>Devido \u00e0s altas temperaturas e \u00e0 seca natural do Cerrado, o Tocantins costuma registrar aumento nas queimadas no segundo semestre. <\/p>\n<p>Ainda por conta do fogo, alguns pontos tur\u00edsticos do Parque Estadual do Jalap\u00e3o foram fechados por tempo indeterminado.<\/p>\n<\/div>\n<div>\n<figure class=\"wp-block-image size-full is-style-default\"><img fetchpriority=\"high\" decoding=\"async\" width=\"642\" height=\"469\" alt=\"dunas, Jalap\u00e3o, Tocantins, queimadas, estado de emerg\u00eancia\" class=\"wp-image-4066216\"  data-lazy- src=\"https:\/\/agromt.news\/wp-content\/uploads\/2024\/09\/Queimadas-colocam-Tocantins-em-estado-de-emergencia.jpg\"\/><img decoding=\"async\" width=\"642\" height=\"469\" src=\"https:\/\/agromt.news\/wp-content\/uploads\/2024\/09\/Queimadas-colocam-Tocantins-em-estado-de-emergencia.jpg\" alt=\"dunas, Jalap\u00e3o, Tocantins, queimadas, estado de emerg\u00eancia\" class=\"wp-image-4066216\"  \/><figcaption class=\"wp-element-caption\">Regi\u00e3o das Dunas do Jalap\u00e3o com focos de inc\u00eandio | Foto: Ana Paula Rehbein\/TV Anhanguera<\/figcaption><\/figure>\n<p>De acordo com o governo, em agosto, foram contabilizados 9.901 focos de inc\u00eandio no Tocantins.<\/p>\n<p>Segundo o Instituto Nacional de Pesquisas Espaciais (Inpe), o Tocantins ocupa a 7\u00aa posi\u00e7\u00e3o no ranking nacional de queimadas. <\/p>\n<p>Os munic\u00edpios que mais registraram focos no \u00faltimo m\u00eas foram Lagoa da Confus\u00e3o (444), Pium (182), Formoso do Araguaia (167), Rio Sono (142) e Lizarda (129). <\/p>\n<p>Em \u00e2mbito nacional, o cen\u00e1rio tamb\u00e9m \u00e9 preocupante. O Brasil registrou 68.635 focos de queimadas em agosto de 2024, com as regi\u00f5es Norte e Centro-Oeste liderando. No Norte, foram 33.639 focos, enquanto o Centro-Oeste contabilizou 20.441.<\/p>\n<p>O presidente do Naturatins, coronel Edivan de Jesus Silva, destacou que a institui\u00e7\u00e3o vem realizando trabalhos cont\u00ednuos, independentemente da \u00e9poca de estiagem. <\/p>\n<p>Ele pontuou ainda que as a\u00e7\u00f5es emergenciais v\u00e3o ajudar tamb\u00e9m a evitar o mesmo problema nos pr\u00f3ximos anos. <\/p>\n<p>\u201cO Governo do Tocantins est\u00e1 envidando esfor\u00e7os enormes para que possamos atender emergencialmente e tudo isso serve tamb\u00e9m para que possamos nos preparar para o pr\u00f3ximo ano, porque sabemos que esse \u00e9 um problema recorrente e \u00e9 importante um planejamento pr\u00e9vio\u201d, comentou.<\/p>\n<h2 class=\"wp-block-heading\" id=\"h-situacao-de-emergencia\"><strong>Situa\u00e7\u00e3o de emerg\u00eancia<\/strong><\/h2>\n<p>Nesta quinta-feira (5), o governador, Wanderlei Barbosa, entregou 25 novos ve\u00edculos ao Naturatins, refor\u00e7ando a infraestrutura de combate aos inc\u00eandios. <\/p>\n<p>Tamb\u00e9m foram assinados dois decretos: um autorizando a contrata\u00e7\u00e3o de 60 brigadistas; e outro declarando a situa\u00e7\u00e3o de emerg\u00eancia no Estado por 180 dias, permitindo a mobiliza\u00e7\u00e3o de todos os \u00f3rg\u00e3os estaduais sob a coordena\u00e7\u00e3o da Defesa Civil e do Corpo de Bombeiros. <\/p>\n<p>A normativa tamb\u00e9m permite que as for\u00e7as de seguran\u00e7a entrem em propriedades p\u00fablicas ou privadas para prestar socorro, determinar evacua\u00e7\u00f5es em casos de risco iminente e utilizar propriedades em situa\u00e7\u00f5es de emerg\u00eancia.<\/p>\n<p>Atualmente, mais de 600 bombeiros est\u00e3o \u00e0 disposi\u00e7\u00e3o para a\u00e7\u00f5es de combate, caso haja necessidade. <\/p>\n<p>Como parte das a\u00e7\u00f5es, o governador anunciou nesta sexta-feira (6), o <strong>investimento de R$ 6 milh\u00f5es.<\/strong><\/p>\n<p>Al\u00e9m disso, a contrata\u00e7\u00e3o de brigadistas, podem chegar at\u00e9 500 pessoas para o combate aos inc\u00eandios florestais.<\/p>\n<hr class=\"wp-block-separator has-alpha-channel-opacity\"\/>\n<p><em>Siga o\u00a0<a href=\"https:\/\/www.instagram.com\/canalruralbahia\/\">Canal Rural Bahia no Instagram<\/a>! Voc\u00ea tamb\u00e9m pode participar deixando uma sugest\u00e3o de pauta. Clique\u00a0<a href=\"https:\/\/wa.me\/5577999455066\"><strong>aqui<\/strong><\/a>\u00a0e envie uma mensagem para o nosso WhatsApp<\/em>!<\/p>\n<\/div>\n<p><script async src=\"\/\/www.instagram.com\/embed.js\"><\/script><br \/>\n<br \/><br \/>\n<br \/><a href=\"https:\/\/www.canalrural.com.br\/nacional\/bahia\/queimadas-colocam-tocantins-em-estado-de-emergencia\/\">Source link <\/a><\/p>\n","protected":false},"excerpt":{"rendered":"<p>O governador do Tocantins, Wanderlei Barbosa, decretou situa\u00e7\u00e3o de emerg\u00eancia por 180 dias, por causa das queimadas, permitindo a mobiliza\u00e7\u00e3o<\/p>\n","protected":false},"author":1,"featured_media":1155,"comment_status":"open","ping_status":"open","sticky":false,"template":"","format":"standard","meta":{"_monsterinsights_skip_tracking":false,"_monsterinsights_sitenote_active":false,"_monsterinsights_sitenote_note":"","_monsterinsights_sitenote_category":0,"_uf_show_specific_survey":0,"_uf_disable_surveys":false,"footnotes":""},"categories":[1],"tags":[],"class_list":["post-1154","post","type-post","status-publish","format-standard","has-post-thumbnail","hentry","category-news"],"_links":{"self":[{"href":"https:\/\/agromt.news\/index.php?rest_route=\/wp\/v2\/posts\/1154"}],"collection":[{"href":"https:\/\/agromt.news\/index.php?rest_route=\/wp\/v2\/posts"}],"about":[{"href":"https:\/\/agromt.news\/index.php?rest_route=\/wp\/v2\/types\/post"}],"author":[{"embeddable":true,"href":"https:\/\/agromt.news\/index.php?rest_route=\/wp\/v2\/users\/1"}],"replies":[{"embeddable":true,"href":"https:\/\/agromt.news\/index.php?rest_route=%2Fwp%2Fv2%2Fcomments&post=1154"}],"version-history":[{"count":0,"href":"https:\/\/agromt.news\/index.php?rest_route=\/wp\/v2\/posts\/1154\/revisions"}],"wp:featuredmedia":[{"embeddable":true,"href":"https:\/\/agromt.news\/index.php?rest_route=\/wp\/v2\/media\/1155"}],"wp:attachment":[{"href":"https:\/\/agromt.news\/index.php?rest_route=%2Fwp%2Fv2%2Fmedia&parent=1154"}],"wp:term":[{"taxonomy":"category","embeddable":true,"href":"https:\/\/agromt.news\/index.php?rest_route=%2Fwp%2Fv2%2Fcategories&post=1154"},{"taxonomy":"post_tag","embeddable":true,"href":"https:\/\/agromt.news\/index.php?rest_route=%2Fwp%2Fv2%2Ftags&post=1154"}],"curies":[{"name":"wp","href":"https:\/\/api.w.org\/{rel}","templated":true}]}}