{"id":1150,"date":"2024-09-06T21:56:30","date_gmt":"2024-09-07T01:56:30","guid":{"rendered":"https:\/\/agromt.news\/?p=1150"},"modified":"2024-09-06T21:56:30","modified_gmt":"2024-09-07T01:56:30","slug":"produtores-de-uva-concluem-poda-e-intensificam-tratamentos-fitossanitarios","status":"publish","type":"post","link":"https:\/\/agromt.news\/?p=1150","title":{"rendered":"Produtores de uva concluem poda e intensificam tratamentos fitossanit\u00e1rios"},"content":{"rendered":"<p> <br \/>\n<\/p>\n<div>\n<div class=\"row\">\n<div class=\"col-lg col-infos mt-3 mt-lg-0\">\n<div class=\"section-sub-title\">\n<p itemprop=\"description\">\nNa regi\u00e3o de Erechim, as videiras est\u00e3o na fase inicial de brota\u00e7\u00e3o\n<\/p>\n<\/div>\n<div class=\"container\">\n<div class=\"row\">\n<div class=\"col-lg p-0\">\n<div>\n<div class=\"block-news-main-infos mt-3 text-start\">\n<strong class=\"fn\" itemprop=\"author\" style=\"color: rgb(112, 112, 112); \"><br \/>\n<a href=\"https:\/\/www.agrolink.com.br\/noticias\/javascript:;\" class=\"text-uppercase\" target=\"_blank\" style=\"color: rgb(112, 112, 112); \" rel=\"noopener\">Agrolink<\/a><br \/>\n&#8211; Seane Lennon<br \/>\n<\/strong><br \/>\n<br \/>\n<abbr><time datetime=\"2024-09-05T21:22\" itemprop=\"datePublished dateModified\">Publicado em 05\/09\/2024 \u00e0s 21:22h.<\/time><\/abbr>\n<\/div>\n<\/div>\n<\/div>\n<div class=\"col-lg p-0 text-lg-end\">\n<div>\n<div id=\"mdEnviarPagina\" class=\"modal fade\" role=\"dialog\">\n<div class=\"modal-dialog\">\n<div class=\"modal-content\">\n<div class=\"modal-body\">\n<p><strong>Estimado usu\u00e1rio.<\/strong><br \/>Preencha o formul\u00e1rio abaixo para remeter a p\u00e1gina.<\/p>\n<\/div>\n<\/div>\n<\/div>\n<\/div>\n<\/div>\n<\/div>\n<\/div>\n<\/div>\n<\/div>\n<\/div>\n<div class=\"row justify-content-md-center mt-3\">\n<div class=\"col-lg-auto col-image  block-news-main-image d-none d-md-block\">\n<img decoding=\"async\" src=\"https:\/\/www.agrolink.com.br\/upload\/imagens-resizes\/716ccdcb982a45ec9d79903ed4a86ecd_858x483.jpg\" class=\"lazyload\"\/><br \/>\n<span class=\"publicity-photo d-block mt-1\">Foto: Pixabay<\/span>\n<\/div>\n<\/div>\n<div class=\"section-description section-description-noticias mt-3\">\n<p style=\"text-align:justify\">Na quinta-feira (05), o Informativo Conjuntural divulgado pela Ger\u00eancia de Planejamento trouxe atualiza\u00e7\u00f5es sobre o estado das videiras nas regi\u00f5es vit\u00edcolas do Rio Grande do Sul. Na regi\u00e3o administrativa da Emater\/RS-Ascar de Soledade, a poda seca est\u00e1 em fase de conclus\u00e3o. Nos munic\u00edpios do Alto da Serra do Botucara\u00ed, a poda continua devido ao risco de geadas tardias. Na regi\u00e3o Centro-Serra, alguns viticultores ainda realizam a poda com receio de novas geadas. J\u00e1 em Encruzilhada do Sul e na regi\u00e3o baixa do Vale do Rio Pardo, tanto a poda quanto o amarrio das videiras foram finalizados. Os tratos culturais e a aduba\u00e7\u00e3o est\u00e3o previstos para setembro e outubro, respectivamente.\n<\/p>\n<p style=\"text-align:justify\">Na regi\u00e3o de Erechim, as videiras est\u00e3o na fase inicial de brota\u00e7\u00e3o, favorecida pelas condi\u00e7\u00f5es ambientais recentes. Os produtores est\u00e3o focados em tratamentos fitossanit\u00e1rios para prevenir doen\u00e7as.<\/p>\n<p style=\"text-align:justify\">Em Frederico Westphalen, o ac\u00famulo de horas de frio necess\u00e1rias para um desenvolvimento adequado e produ\u00e7\u00e3o de qualidade atingiu 174 horas em Caibi, SC. A poda de produ\u00e7\u00e3o continua, e para a cultivar V\u00eanus, que j\u00e1 come\u00e7ou a brotar, os produtores iniciaram tratamentos para preven\u00e7\u00e3o e controle de escoriose (Phomopsis viticola) e antracnose (Elsinoe ampelina). As videiras est\u00e3o em diferentes est\u00e1gios fisiol\u00f3gicos conforme a altitude: nas regi\u00f5es com altitudes de at\u00e9 350 metros, a cultivar V\u00eanus est\u00e1 entre os est\u00e1dios 12 (5 a 6 folhas separadas) e 17 (infloresc\u00eancia desenvolvida); Bord\u00f4 varia de est\u00e1gios 1, 2, 3, 5 e 7 (de gemas dormentes a primeira folha separada); e as <a href=\"https:\/\/www.agrolink.com.br\/culturas\/uva?utm_source=agrolink-detalhe-noticia&amp;utm_medium=detalhe-noticia&amp;utm_campaign=links-internos\" target=\"_blank\" rel=\"noopener\">Uvas<\/a>\u00a0Ni\u00e1garas Rosada e Branca, al\u00e9m de outras cultivares, est\u00e3o entre os est\u00e1dios 1 (gemas dormentes) e 12 (5 a 6 folhas separadas e infloresc\u00eancia vis\u00edvel). Em altitudes superiores a 350 metros, os est\u00e1dios fisiol\u00f3gicos s\u00e3o ajustados, com Bord\u00f4 entre 1, 2, 3, 5 e 9 (de gemas dormentes a 2 a 3 folhas separadas), Ni\u00e1gara Rosada e Branca de 1 (gemas dormentes) a 9 (2 a 3 folhas separadas), e Seyve Villard de 1, 2, 3 (gemas dormentes a <a href=\"https:\/\/www.agrolink.com.br\/culturas\/algodao\/\" target=\"_blank\" rel=\"noopener\">algod\u00e3o<\/a>).\n<\/p>\n<\/div>\n<\/div>\n<p><script data-cfasync=\"false\">\n    !function (f, b, e, v, n, t, s) {\n        if (f.fbq) return; n = f.fbq = function () {\n            n.callMethod ?\n                n.callMethod.apply(n, arguments) : n.queue.push(arguments)\n        };\n        if (!f._fbq) f._fbq = n; n.push = n; n.loaded = !0; n.version = '2.0';\n        n.queue = []; t = b.createElement(e); t.async = !0;\n        t.src = v; s = b.getElementsByTagName(e)[0];\n        s.parentNode.insertBefore(t, s)\n    }(window, document, 'script',\n        'https:\/\/connect.facebook.net\/en_US\/fbevents.js');\n    fbq('init', '522546078623747');\n    fbq('track', 'PageView');\n<\/script><br \/>\n<br \/><br \/>\n<br \/><a href=\"https:\/\/www.agrolink.com.br\/noticias\/produtores-de-uva-concluem-poda-e-intensificam-tratamentos-fitossanitarios_494696.html\">Source link <\/a><\/p>\n","protected":false},"excerpt":{"rendered":"<p>Na regi\u00e3o de Erechim, as videiras est\u00e3o na fase inicial de brota\u00e7\u00e3o Agrolink &#8211; Seane Lennon Publicado em 05\/09\/2024 \u00e0s<\/p>\n","protected":false},"author":1,"featured_media":1151,"comment_status":"open","ping_status":"open","sticky":false,"template":"","format":"standard","meta":{"_monsterinsights_skip_tracking":false,"_monsterinsights_sitenote_active":false,"_monsterinsights_sitenote_note":"","_monsterinsights_sitenote_category":0,"_uf_show_specific_survey":0,"_uf_disable_surveys":false,"footnotes":""},"categories":[8,1,14],"tags":[],"class_list":["post-1150","post","type-post","status-publish","format-standard","has-post-thumbnail","hentry","category-agro","category-news","category-politica-agro"],"_links":{"self":[{"href":"https:\/\/agromt.news\/index.php?rest_route=\/wp\/v2\/posts\/1150"}],"collection":[{"href":"https:\/\/agromt.news\/index.php?rest_route=\/wp\/v2\/posts"}],"about":[{"href":"https:\/\/agromt.news\/index.php?rest_route=\/wp\/v2\/types\/post"}],"author":[{"embeddable":true,"href":"https:\/\/agromt.news\/index.php?rest_route=\/wp\/v2\/users\/1"}],"replies":[{"embeddable":true,"href":"https:\/\/agromt.news\/index.php?rest_route=%2Fwp%2Fv2%2Fcomments&post=1150"}],"version-history":[{"count":0,"href":"https:\/\/agromt.news\/index.php?rest_route=\/wp\/v2\/posts\/1150\/revisions"}],"wp:featuredmedia":[{"embeddable":true,"href":"https:\/\/agromt.news\/index.php?rest_route=\/wp\/v2\/media\/1151"}],"wp:attachment":[{"href":"https:\/\/agromt.news\/index.php?rest_route=%2Fwp%2Fv2%2Fmedia&parent=1150"}],"wp:term":[{"taxonomy":"category","embeddable":true,"href":"https:\/\/agromt.news\/index.php?rest_route=%2Fwp%2Fv2%2Fcategories&post=1150"},{"taxonomy":"post_tag","embeddable":true,"href":"https:\/\/agromt.news\/index.php?rest_route=%2Fwp%2Fv2%2Ftags&post=1150"}],"curies":[{"name":"wp","href":"https:\/\/api.w.org\/{rel}","templated":true}]}}