{"id":1146,"date":"2024-09-06T19:37:24","date_gmt":"2024-09-06T23:37:24","guid":{"rendered":"https:\/\/agromt.news\/?p=1146"},"modified":"2024-09-06T19:37:24","modified_gmt":"2024-09-06T23:37:24","slug":"brasil-registrou-27-mil-focos-de-incendio-nas-ultimas-24-horas","status":"publish","type":"post","link":"https:\/\/agromt.news\/?p=1146","title":{"rendered":"Brasil registrou 2,7 mil focos de inc\u00eandio nas \u00faltimas 24 horas"},"content":{"rendered":"<p> <br \/>\n<\/p>\n<div>\n<p>Nas \u00faltimas 24 horas, o Brasil registrou 2.758 focos de inc\u00eandios, de acordo com o Programa Queimadas, do Instituto Nacional de Pesquisas Espaciais <strong><a href=\"https:\/\/www.gov.br\/inpe\/pt-br\">(Inpe)<\/a><\/strong>. <\/p>\n<p>Todos os biomas apresentam focos, que podem representar uma ou v\u00e1rias frentes de fogo ativas:<\/p>\n<\/div>\n<div>\n<p>O estado de Mato Grosso \u00e9 o que mant\u00e9m o maior n\u00famero de focos, com 933, seguido do estado do Par\u00e1, onde h\u00e1 415 focos ativos.<\/p>\n<p>Ao lembrar do Dia da Amaz\u00f4nia, celebrado neste 5 de setembro, a ministra do Meio Ambiente e Mudan\u00e7a do Clima, Marina Silva, declarou que o governo federal est\u00e1 unido em esfor\u00e7os para combater as principais amea\u00e7as que atingem a regi\u00e3o neste momento: a seca e os inc\u00eandios. <\/p>\n<p>\u201cMas esse esfor\u00e7o n\u00e3o pode ser s\u00f3 de um ente da federa\u00e7\u00e3o ou de governos. Precisamos colaborar juntos, com estados, munic\u00edpios, academia, iniciativa privada e toda a sociedade\u201d, refor\u00e7ou.<\/p>\n<h2 class=\"wp-block-heading\" id=\"h-area-consumida-pelo-fogo\">\u00c1rea consumida pelo fogo<\/h2>\n<figure class=\"wp-block-image size-large\"><img fetchpriority=\"high\" decoding=\"async\" width=\"1024\" height=\"613\" alt=\"MPF aciona justi\u00e7a para contrata\u00e7\u00e3o de brigadistas contra inc\u00eandios\" class=\"wp-image-4065766\"  data-lazy- src=\"https:\/\/agromt.news\/wp-content\/uploads\/2024\/09\/Brasil-registrou-27-mil-focos-de-incendio-nas-ultimas-24.webp.webp\"\/><img decoding=\"async\" width=\"1024\" height=\"613\" src=\"https:\/\/agromt.news\/wp-content\/uploads\/2024\/09\/Brasil-registrou-27-mil-focos-de-incendio-nas-ultimas-24.webp.webp\" alt=\"MPF aciona justi\u00e7a para contrata\u00e7\u00e3o de brigadistas contra inc\u00eandios\" class=\"wp-image-4065766\"  \/><figcaption class=\"wp-element-caption\">Foto: Valter Campanato<\/figcaption><\/figure>\n<p>O Laborat\u00f3rio de Aplica\u00e7\u00f5es de Sat\u00e9lites Ambientais da Universidade Federal do Rio de Janeiro (Lasa-UFRJ) informa que mais de 7 milh\u00f5es de hectares da Amaz\u00f4nia j\u00e1 foram consumidos pelo fogo. <\/p>\n<p>No Pantanal, os inc\u00eandios j\u00e1 atingiram 2,6 milh\u00f5es de hectares, o que corresponde a 17,76% do bioma, e o Cerrado teve mais de 142 mil hectares alcan\u00e7ados, correspondentes a 15,8% do bioma.<\/p>\n<p>Na ter\u00e7a-feira (3), a Secretaria de Comunica\u00e7\u00e3o Social da Presid\u00eancia da Rep\u00fablica anunciou o frete de mais cinco helic\u00f3pteros para o combate aos inc\u00eandios. As aeronaves j\u00e1 atuam no Pantanal equipadas com um dispositivo capaz de lan\u00e7ar cerca de 2,5 mil litros de \u00e1gua.<\/p>\n<p>Segundo o governo, atuam ainda no Pantanal 907 profissionais do governo federal, com outros quatro helic\u00f3pteros e oito avi\u00f5es, al\u00e9m de 44 embarca\u00e7\u00f5es. Na Amaz\u00f4nia, atuam 1.468 brigadistas.<\/p>\n<\/div>\n<p><br \/>\n<br \/><a href=\"https:\/\/www.canalrural.com.br\/nacional\/brasil-registrou-27-mil-focos-de-incendio-nas-ultimas-24-horas\/\">Source link <\/a><\/p>\n","protected":false},"excerpt":{"rendered":"<p>Nas \u00faltimas 24 horas, o Brasil registrou 2.758 focos de inc\u00eandios, de acordo com o Programa Queimadas, do Instituto Nacional<\/p>\n","protected":false},"author":1,"featured_media":1147,"comment_status":"open","ping_status":"open","sticky":false,"template":"","format":"standard","meta":{"_monsterinsights_skip_tracking":false,"_monsterinsights_sitenote_active":false,"_monsterinsights_sitenote_note":"","_monsterinsights_sitenote_category":0,"_uf_show_specific_survey":0,"_uf_disable_surveys":false,"footnotes":""},"categories":[1],"tags":[],"class_list":["post-1146","post","type-post","status-publish","format-standard","has-post-thumbnail","hentry","category-news"],"_links":{"self":[{"href":"https:\/\/agromt.news\/index.php?rest_route=\/wp\/v2\/posts\/1146"}],"collection":[{"href":"https:\/\/agromt.news\/index.php?rest_route=\/wp\/v2\/posts"}],"about":[{"href":"https:\/\/agromt.news\/index.php?rest_route=\/wp\/v2\/types\/post"}],"author":[{"embeddable":true,"href":"https:\/\/agromt.news\/index.php?rest_route=\/wp\/v2\/users\/1"}],"replies":[{"embeddable":true,"href":"https:\/\/agromt.news\/index.php?rest_route=%2Fwp%2Fv2%2Fcomments&post=1146"}],"version-history":[{"count":0,"href":"https:\/\/agromt.news\/index.php?rest_route=\/wp\/v2\/posts\/1146\/revisions"}],"wp:featuredmedia":[{"embeddable":true,"href":"https:\/\/agromt.news\/index.php?rest_route=\/wp\/v2\/media\/1147"}],"wp:attachment":[{"href":"https:\/\/agromt.news\/index.php?rest_route=%2Fwp%2Fv2%2Fmedia&parent=1146"}],"wp:term":[{"taxonomy":"category","embeddable":true,"href":"https:\/\/agromt.news\/index.php?rest_route=%2Fwp%2Fv2%2Fcategories&post=1146"},{"taxonomy":"post_tag","embeddable":true,"href":"https:\/\/agromt.news\/index.php?rest_route=%2Fwp%2Fv2%2Ftags&post=1146"}],"curies":[{"name":"wp","href":"https:\/\/api.w.org\/{rel}","templated":true}]}}