{"id":1144,"date":"2024-09-06T19:08:01","date_gmt":"2024-09-06T23:08:01","guid":{"rendered":"https:\/\/agromt.news\/?p=1144"},"modified":"2024-09-06T19:08:01","modified_gmt":"2024-09-06T23:08:01","slug":"incidencia-de-greening-desacelera-em-54-no-cinturao-citricola-de-sp","status":"publish","type":"post","link":"https:\/\/agromt.news\/?p=1144","title":{"rendered":"Incid\u00eancia de greening desacelera em 54% no cintur\u00e3o citr\u00edcola de SP"},"content":{"rendered":"<p> <br \/>\n<\/p>\n<div>\n<p>A press\u00e3o do greening no cintur\u00e3o citr\u00edcola do estado de S\u00e3o Paulo em 2023 foi 54% menor neste ano em compara\u00e7\u00e3o a 2023, conforme levantamento divulgado nesta sexta-feira (6) pelo Fundo de Defesa da Citricultura <strong><a href=\"https:\/\/www.fundecitrus.com.br\/\">(Fundecitrus)<\/a><\/strong>.<\/p>\n<p>O documento destaca como motivos as medidas de controle mais eficazes, a melhoria das pr\u00e1ticas agr\u00edcolas e as temperaturas mais altas para a desacelera\u00e7\u00e3o da doen\u00e7a. <\/p>\n<\/div>\n<div>\n<p>A redu\u00e7\u00e3o da inci\u00eandia contraria as expectativas, visto o recorde de popula\u00e7\u00e3o de psil\u00eddeo registrado em 2023.<\/p>\n<h2 class=\"wp-block-heading\" id=\"h-clima-e-manejo\">Clima e manejo<\/h2>\n<p>O estudo revelou que a ocorr\u00eancia de temperaturas mais altas que o normal em todo o cintur\u00e3o citr\u00edcola no segundo semestre de 2023 e in\u00edcio de 2024 pode ter acelerado o crescimento dos brotos e interferido na multiplica\u00e7\u00e3o da bact\u00e9ria causadora do greening. <\/p>\n<p>Al\u00e9m disso, foi verificada melhoria nas medidas de controle, como, por exemplo, uso de inseticidas mais eficazes e redu\u00e7\u00e3o do intervalo de aplica\u00e7\u00e3o.<\/p>\n<h2 class=\"wp-block-heading\" id=\"h-menor-incidencia-de-greening-nos-talhoes\">Menor incid\u00eancia de greening nos talh\u00f5es<\/h2>\n<p>O levantamento da Fundecitrus tamb\u00e9m destaca que para a desacelera\u00e7\u00e3o do greening foi observada a elimina\u00e7\u00e3o de plantas doentes, principalmente de talh\u00f5es inteiros severamente afetados e nas regi\u00f5es com baixa incid\u00eancia. <\/p>\n<p>De acordo com o relat\u00f3rio, a melhoria no manejo do greening dentro das propriedades foi evidenciada pelo menor aumento da incid\u00eancia nos talh\u00f5es internos (de 32,71% para 36,43%) que nos talh\u00f5es de borda (de 40,06% para 47,25%).<\/p>\n<p>\u201cEsse \u00e9 o resultado do trabalho de toda a cadeia produtiva de citros, que n\u00e3o est\u00e1 medindo esfor\u00e7os para combater o greening nas propriedades rurais do estado de S\u00e3o Paulo. Ainda h\u00e1 muito a fazer, mas estamos no caminho certo de eliminar essa doen\u00e7a, que afeta um dos setores mais importantes para o agro paulista\u201d, ressalta o <strong><a href=\"https:\/\/www.canalrural.com.br\/agricultura\/espero-que-o-ministro-honre-com-a-palavra-diz-secretario-de-agricultura-de-sp\/\">secret\u00e1rio de Agricultura e Abastecimento de S\u00e3o Paulo, Guilherme Piai<\/a><\/strong>.<\/p>\n<h2 class=\"wp-block-heading\" id=\"h-producao-de-laranja-em-sao-paulo\">Produ\u00e7\u00e3o de laranja em S\u00e3o Paulo<\/h2>\n<figure class=\"wp-block-image size-large\"><img fetchpriority=\"high\" decoding=\"async\" width=\"640\" height=\"427\" alt=\"laranja frutas\" class=\"wp-image-162876\"  data-lazy- src=\"https:\/\/agromt.news\/wp-content\/uploads\/2024\/09\/Incidencia-de-greening-desacelera-em-54-no-cinturao-citricola-de.jpg\"\/><img decoding=\"async\" width=\"640\" height=\"427\" src=\"https:\/\/agromt.news\/wp-content\/uploads\/2024\/09\/Incidencia-de-greening-desacelera-em-54-no-cinturao-citricola-de.jpg\" alt=\"laranja frutas\" class=\"wp-image-162876\"  \/><figcaption class=\"wp-element-caption\">Foto: Marcos Santos<\/figcaption><\/figure>\n<p>A produ\u00e7\u00e3o de laranja em S\u00e3o Paulo foi superior a 10,6 milh\u00f5es de toneladas em 2023, segundo dados do Instituto de Economia Agr\u00edcola (IEA), da Secretaria de Agricultura e Abastecimento. <\/p>\n<p>O volume garante a S\u00e3o Paulo o status de maior produtor de laranja do pa\u00eds, com cerca de 78% do total nacional.<\/p>\n<p>O protagonismo da citricultura paulista tamb\u00e9m aparece no valor de produ\u00e7\u00e3o. Segundo dados do Instituto Brasileiro de Geografia e Estat\u00edstica (IBGE), esse n\u00famero ficou em R$ 10,7 bilh\u00f5es em 2022, enquanto o segundo estado com maior valor de produ\u00e7\u00e3o de laranja foi Minas Gerais, com R$ 1 bilh\u00e3o.<\/p>\n<\/div>\n<p><br \/>\n<br \/><a href=\"https:\/\/www.canalrural.com.br\/agricultura\/incidencia-de-greening-desacelera-em-54-no-cinturao-citricola-de-sp\/\">Source link <\/a><\/p>\n","protected":false},"excerpt":{"rendered":"<p>A press\u00e3o do greening no cintur\u00e3o citr\u00edcola do estado de S\u00e3o Paulo em 2023 foi 54% menor neste ano em<\/p>\n","protected":false},"author":1,"featured_media":1145,"comment_status":"open","ping_status":"open","sticky":false,"template":"","format":"standard","meta":{"_monsterinsights_skip_tracking":false,"_monsterinsights_sitenote_active":false,"_monsterinsights_sitenote_note":"","_monsterinsights_sitenote_category":0,"_uf_show_specific_survey":0,"_uf_disable_surveys":false,"footnotes":""},"categories":[1],"tags":[],"class_list":["post-1144","post","type-post","status-publish","format-standard","has-post-thumbnail","hentry","category-news"],"_links":{"self":[{"href":"https:\/\/agromt.news\/index.php?rest_route=\/wp\/v2\/posts\/1144"}],"collection":[{"href":"https:\/\/agromt.news\/index.php?rest_route=\/wp\/v2\/posts"}],"about":[{"href":"https:\/\/agromt.news\/index.php?rest_route=\/wp\/v2\/types\/post"}],"author":[{"embeddable":true,"href":"https:\/\/agromt.news\/index.php?rest_route=\/wp\/v2\/users\/1"}],"replies":[{"embeddable":true,"href":"https:\/\/agromt.news\/index.php?rest_route=%2Fwp%2Fv2%2Fcomments&post=1144"}],"version-history":[{"count":0,"href":"https:\/\/agromt.news\/index.php?rest_route=\/wp\/v2\/posts\/1144\/revisions"}],"wp:featuredmedia":[{"embeddable":true,"href":"https:\/\/agromt.news\/index.php?rest_route=\/wp\/v2\/media\/1145"}],"wp:attachment":[{"href":"https:\/\/agromt.news\/index.php?rest_route=%2Fwp%2Fv2%2Fmedia&parent=1144"}],"wp:term":[{"taxonomy":"category","embeddable":true,"href":"https:\/\/agromt.news\/index.php?rest_route=%2Fwp%2Fv2%2Fcategories&post=1144"},{"taxonomy":"post_tag","embeddable":true,"href":"https:\/\/agromt.news\/index.php?rest_route=%2Fwp%2Fv2%2Ftags&post=1144"}],"curies":[{"name":"wp","href":"https:\/\/api.w.org\/{rel}","templated":true}]}}