{"id":1138,"date":"2024-09-06T15:09:55","date_gmt":"2024-09-06T19:09:55","guid":{"rendered":"https:\/\/agromt.news\/?p=1138"},"modified":"2024-09-06T15:09:55","modified_gmt":"2024-09-06T19:09:55","slug":"governo-quer-restaurar-areas-degradadas-para-aumentar-producao-agricola-diz-secretario-do-mapa","status":"publish","type":"post","link":"https:\/\/agromt.news\/?p=1138","title":{"rendered":"Governo quer restaurar \u00e1reas degradadas para aumentar produ\u00e7\u00e3o agr\u00edcola, diz secret\u00e1rio do Mapa"},"content":{"rendered":"<p> <br \/>\n<br \/><img decoding=\"async\" src=\"https:\/\/agromt.news\/wp-content\/uploads\/2024\/09\/Governo-quer-restaurar-areas-degradadas-para-aumentar-producao-agricola-diz.jpeg\" \/><\/p>\n<div>\n<p>O secret\u00e1rio de Inova\u00e7\u00e3o e Desenvolvimento Sustent\u00e1vel do Minist\u00e9rio da Agricultura e Pecu\u00e1ria <a href=\"https:\/\/www.gov.br\/agricultura\/pt-br\"><strong>(Mapa)<\/strong><\/a>, Pedro Neto, disse que o objetivo da pasta \u00e9 restaurar \u00e1reas degradadas para intensifica\u00e7\u00e3o de agropecu\u00e1ria, florestamento e produ\u00e7\u00e3o agr\u00edcola.<\/p>\n<p>Ele participa do \u201cBrasil na COP\u201d, evento que a C\u00e2mara Americana de Com\u00e9rcio (Amcham Brasil) realiza nesta sexta-feira (6), na capital paulista.<\/p>\n<\/div>\n<div>\n<p>De acordo com o secret\u00e1rio, o Brasil tem atualmente 40 milh\u00f5es de hectares de \u00e1reas de pastagem em grau de degrada\u00e7\u00e3o m\u00e9dia ou severa.<\/p>\n<h2>Pagamento de servi\u00e7os florestais<\/h2>\n<p>Ele acrescentou que o Brasil tem um dos regramentos ambientais mais severos do mundo, que deve ser seguido \u00e0 risca, mas ressaltou a necessidade de calcular quanto custa o pagamento de servi\u00e7os florestais, para quem n\u00e3o faz ser estimulado a fazer.<\/p>\n<p>Para isso, segundo Neto, \u00e9 preciso criar acesso dos <a href=\"https:\/\/www.canalrural.com.br\/agricultura\/\"><strong>agricultores<\/strong><\/a> aos recursos financeiros e \u00e0 assist\u00eancia t\u00e9cnica necess\u00e1ria para a implementa\u00e7\u00e3o de pr\u00e1ticas sustent\u00e1veis.<\/p>\n<p>\u201cComo o Plano Clima pode contribuir para fortalecer e expandir o alcance do Plano ABC+? Essa pergunta \u00e9 \u00f3tima porque toda vez que a gente faz um debate mais conceitual tem a ver com a elabora\u00e7\u00e3o de plano. O compromisso setorial aliado ao compromisso nacional \u00e9 muito importante para a resili\u00eancia dos setores produtivos da economia nacional\u201d, disse o secret\u00e1rio do Mapa.<\/p>\n<p>De acordo com Neto, o problema passa pela dificuldade de as autoridades e os especialistas em clima em engajar nessa quest\u00e3o o produtor que est\u00e1 em sua propriedade, longe dos debates profundos sobre a mudan\u00e7a clim\u00e1tica numa pol\u00edtica nacional.<\/p>\n<p>\u201cComo \u00e9 que a gente conta isso ao produtor de forma respeitosa, de forma atraente, para que ele possa enxergar uma nova tecnologia, uma nova forma de desenvolver, uma nova forma de produ\u00e7\u00e3o?\u201d, questiona o secret\u00e1rio.<\/p>\n<\/div>\n<p><br \/>\n<br \/><a href=\"https:\/\/www.canalrural.com.br\/sustentabilidade\/governo-quer-restaurar-areas-degradadas-para-aumentar-producao-agricola-diz-secretario-do-mapa\/\">Source link <\/a><\/p>\n","protected":false},"excerpt":{"rendered":"<p>O secret\u00e1rio de Inova\u00e7\u00e3o e Desenvolvimento Sustent\u00e1vel do Minist\u00e9rio da Agricultura e Pecu\u00e1ria (Mapa), Pedro Neto, disse que o objetivo<\/p>\n","protected":false},"author":1,"featured_media":1139,"comment_status":"open","ping_status":"open","sticky":false,"template":"","format":"standard","meta":{"_monsterinsights_skip_tracking":false,"_monsterinsights_sitenote_active":false,"_monsterinsights_sitenote_note":"","_monsterinsights_sitenote_category":0,"_uf_show_specific_survey":0,"_uf_disable_surveys":false,"footnotes":""},"categories":[1],"tags":[],"class_list":["post-1138","post","type-post","status-publish","format-standard","has-post-thumbnail","hentry","category-news"],"_links":{"self":[{"href":"https:\/\/agromt.news\/index.php?rest_route=\/wp\/v2\/posts\/1138"}],"collection":[{"href":"https:\/\/agromt.news\/index.php?rest_route=\/wp\/v2\/posts"}],"about":[{"href":"https:\/\/agromt.news\/index.php?rest_route=\/wp\/v2\/types\/post"}],"author":[{"embeddable":true,"href":"https:\/\/agromt.news\/index.php?rest_route=\/wp\/v2\/users\/1"}],"replies":[{"embeddable":true,"href":"https:\/\/agromt.news\/index.php?rest_route=%2Fwp%2Fv2%2Fcomments&post=1138"}],"version-history":[{"count":0,"href":"https:\/\/agromt.news\/index.php?rest_route=\/wp\/v2\/posts\/1138\/revisions"}],"wp:featuredmedia":[{"embeddable":true,"href":"https:\/\/agromt.news\/index.php?rest_route=\/wp\/v2\/media\/1139"}],"wp:attachment":[{"href":"https:\/\/agromt.news\/index.php?rest_route=%2Fwp%2Fv2%2Fmedia&parent=1138"}],"wp:term":[{"taxonomy":"category","embeddable":true,"href":"https:\/\/agromt.news\/index.php?rest_route=%2Fwp%2Fv2%2Fcategories&post=1138"},{"taxonomy":"post_tag","embeddable":true,"href":"https:\/\/agromt.news\/index.php?rest_route=%2Fwp%2Fv2%2Ftags&post=1138"}],"curies":[{"name":"wp","href":"https:\/\/api.w.org\/{rel}","templated":true}]}}