{"id":1136,"date":"2024-09-06T14:38:25","date_gmt":"2024-09-06T18:38:25","guid":{"rendered":"https:\/\/agromt.news\/?p=1136"},"modified":"2024-09-06T14:38:25","modified_gmt":"2024-09-06T18:38:25","slug":"seca-agrava-situacao-das-lavouras-de-trigo-no-parana","status":"publish","type":"post","link":"https:\/\/agromt.news\/?p=1136","title":{"rendered":"Seca agrava situa\u00e7\u00e3o das lavouras de trigo no Paran\u00e1"},"content":{"rendered":"<p> <br \/>\n<\/p>\n<div>\n<div class=\"row\">\n<div class=\"col-lg col-infos mt-3 mt-lg-0\">\n<div class=\"section-sub-title\">\n<p itemprop=\"description\">\nColheita apresenta queda na qualidade\n<\/p>\n<\/div>\n<div class=\"container\">\n<div class=\"row\">\n<div class=\"col-lg p-0\">\n<div>\n<div class=\"block-news-main-infos mt-3 text-start\">\n<strong class=\"fn\" itemprop=\"author\" style=\"color: rgb(112, 112, 112); \"><br \/>\n<a href=\"https:\/\/www.agrolink.com.br\/noticias\/javascript:;\" class=\"text-uppercase\" target=\"_blank\" style=\"color: rgb(112, 112, 112); \" rel=\"noopener\">Agrolink<\/a><br \/>\n&#8211; Seane Lennon<br \/>\n<\/strong><br \/>\n<br \/>\n<abbr><time datetime=\"2024-09-05T21:35\" itemprop=\"datePublished dateModified\">Publicado em 05\/09\/2024 \u00e0s 21:35h.<\/time><\/abbr>\n<\/div>\n<\/div>\n<\/div>\n<div class=\"col-lg p-0 text-lg-end\">\n<div>\n<div id=\"mdEnviarPagina\" class=\"modal fade\" role=\"dialog\">\n<div class=\"modal-dialog\">\n<div class=\"modal-content\">\n<div class=\"modal-body\">\n<p><strong>Estimado usu\u00e1rio.<\/strong><br \/>Preencha o formul\u00e1rio abaixo para remeter a p\u00e1gina.<\/p>\n<\/div>\n<\/div>\n<\/div>\n<\/div>\n<\/div>\n<\/div>\n<\/div>\n<\/div>\n<\/div>\n<\/div>\n<div class=\"row justify-content-md-center mt-3\">\n<div class=\"col-lg-auto col-image  block-news-main-image d-none d-md-block\">\n<img decoding=\"async\" src=\"https:\/\/www.agrolink.com.br\/upload\/imagens-resizes\/4e56776537f44ae58e8f08348fb3462c_858x483.jpg\" class=\"lazyload\"\/><br \/>\n<span class=\"publicity-photo d-block mt-1\">Foto: Canva<\/span>\n<\/div>\n<\/div>\n<div class=\"section-description section-description-noticias mt-3\">\n<p style=\"text-align:justify\">Segundo o Boletim de Conjuntura Agropecu\u00e1ria divulgado pelo Departamento de Economia Rural (Deral), da Secretaria de Estado da Agricultura e do Abastecimento, a colheita de <a href=\"https:\/\/www.agrolink.com.br\/culturas\/trigo\/?utm_source=agrolink-detalhe-noticia&amp;utm_medium=detalhe-noticia&amp;utm_campaign=links-internos\" target=\"_blank\" rel=\"noopener\">trigo<\/a> no Paran\u00e1 segue com desafios devido \u00e0 seca. Entre os dias 31 de agosto e 5 de setembro, foi registrado um agravamento na qualidade das lavouras restantes. Atualmente, apenas 36% da \u00e1rea a ser colhida est\u00e1 em boas condi\u00e7\u00f5es, uma queda em rela\u00e7\u00e3o aos 42% da semana anterior. J\u00e1 as \u00e1reas em condi\u00e7\u00f5es m\u00e9dias representam 36%, enquanto 28% foram classificadas como ruins. Na semana anterior, esses n\u00fameros eram de 32% e 26%, respectivamente.\n<\/p>\n<p style=\"text-align:justify\">At\u00e9 o momento, 11% da \u00e1rea total de trigo foi colhida, mas as produtividades permanecem abaixo do esperado devido \u00e0 falta de chuvas. As precipita\u00e7\u00f5es recentes se concentraram em parte do Paran\u00e1, enquanto o Norte do estado continua enfrentando tempo seco e temperaturas mais altas. Embora essas condi\u00e7\u00f5es clim\u00e1ticas favore\u00e7am o avan\u00e7o da colheita, h\u00e1 preocupa\u00e7\u00e3o com o impacto negativo nas lavouras onde os gr\u00e3os ainda est\u00e3o em forma\u00e7\u00e3o, o que pode comprometer a safra.\n<\/p>\n<p style=\"text-align:justify\">\u00a0Com a continuidade do tempo seco, o Deral alerta que a situa\u00e7\u00e3o pode piorar, especialmente nas regi\u00f5es mais afetadas pela estiagem. A expectativa agora \u00e9 de que chuvas mais abrangentes possam ocorrer para amenizar os impactos e melhorar as condi\u00e7\u00f5es das \u00e1reas ainda n\u00e3o colhidas.\n<\/p>\n<\/div>\n<\/div>\n<p><script data-cfasync=\"false\">\n    !function (f, b, e, v, n, t, s) {\n        if (f.fbq) return; n = f.fbq = function () {\n            n.callMethod ?\n                n.callMethod.apply(n, arguments) : n.queue.push(arguments)\n        };\n        if (!f._fbq) f._fbq = n; n.push = n; n.loaded = !0; n.version = '2.0';\n        n.queue = []; t = b.createElement(e); t.async = !0;\n        t.src = v; s = b.getElementsByTagName(e)[0];\n        s.parentNode.insertBefore(t, s)\n    }(window, document, 'script',\n        'https:\/\/connect.facebook.net\/en_US\/fbevents.js');\n    fbq('init', '522546078623747');\n    fbq('track', 'PageView');\n<\/script><br \/>\n<br \/><br \/>\n<br \/><a href=\"https:\/\/www.agrolink.com.br\/noticias\/seca-agrava-situacao-das-lavouras-de-trigo-no-parana_494698.html\">Source link <\/a><\/p>\n","protected":false},"excerpt":{"rendered":"<p>Colheita apresenta queda na qualidade Agrolink &#8211; Seane Lennon Publicado em 05\/09\/2024 \u00e0s 21:35h. Estimado usu\u00e1rio.Preencha o formul\u00e1rio abaixo para<\/p>\n","protected":false},"author":1,"featured_media":1137,"comment_status":"open","ping_status":"open","sticky":false,"template":"","format":"standard","meta":{"_monsterinsights_skip_tracking":false,"_monsterinsights_sitenote_active":false,"_monsterinsights_sitenote_note":"","_monsterinsights_sitenote_category":0,"_uf_show_specific_survey":0,"_uf_disable_surveys":false,"footnotes":""},"categories":[8,1,14],"tags":[],"class_list":["post-1136","post","type-post","status-publish","format-standard","has-post-thumbnail","hentry","category-agro","category-news","category-politica-agro"],"_links":{"self":[{"href":"https:\/\/agromt.news\/index.php?rest_route=\/wp\/v2\/posts\/1136"}],"collection":[{"href":"https:\/\/agromt.news\/index.php?rest_route=\/wp\/v2\/posts"}],"about":[{"href":"https:\/\/agromt.news\/index.php?rest_route=\/wp\/v2\/types\/post"}],"author":[{"embeddable":true,"href":"https:\/\/agromt.news\/index.php?rest_route=\/wp\/v2\/users\/1"}],"replies":[{"embeddable":true,"href":"https:\/\/agromt.news\/index.php?rest_route=%2Fwp%2Fv2%2Fcomments&post=1136"}],"version-history":[{"count":0,"href":"https:\/\/agromt.news\/index.php?rest_route=\/wp\/v2\/posts\/1136\/revisions"}],"wp:featuredmedia":[{"embeddable":true,"href":"https:\/\/agromt.news\/index.php?rest_route=\/wp\/v2\/media\/1137"}],"wp:attachment":[{"href":"https:\/\/agromt.news\/index.php?rest_route=%2Fwp%2Fv2%2Fmedia&parent=1136"}],"wp:term":[{"taxonomy":"category","embeddable":true,"href":"https:\/\/agromt.news\/index.php?rest_route=%2Fwp%2Fv2%2Fcategories&post=1136"},{"taxonomy":"post_tag","embeddable":true,"href":"https:\/\/agromt.news\/index.php?rest_route=%2Fwp%2Fv2%2Ftags&post=1136"}],"curies":[{"name":"wp","href":"https:\/\/api.w.org\/{rel}","templated":true}]}}