{"id":1135,"date":"2024-09-06T13:00:15","date_gmt":"2024-09-06T17:00:15","guid":{"rendered":"https:\/\/agromt.news\/?p=1135"},"modified":"2024-09-06T13:00:15","modified_gmt":"2024-09-06T17:00:15","slug":"produtores-de-mato-grosso-ja-podem-dar-inicio-a-plantacao-de-soja","status":"publish","type":"post","link":"https:\/\/agromt.news\/?p=1135","title":{"rendered":"Produtores de Mato Grosso j\u00e1 podem dar in\u00edcio \u00e0 planta\u00e7\u00e3o de soja"},"content":{"rendered":"<p> <br \/>\n<\/p>\n<div>\n<p>Com o fim do vazio sanit\u00e1rio no Mato Grosso nesta sexta-feira (6), de acordo com o calend\u00e1rio estabelecido pelo Minist\u00e9rio da Agricultura e Pecu\u00e1ria, <a href=\"https:\/\/www.canalrural.com.br\/agricultura\/projeto-soja-brasil\/\">os produtores de soja<\/a> do estado podem dar in\u00edcio \u00e0 planta\u00e7\u00e3o do gr\u00e3o a partir deste s\u00e1bado (7) para a safra 2024\/25. <\/p>\n<p>Embora o plantio do gr\u00e3o tenha sido autorizado, Lucas Lu\u00eds Costa Beber, presidente da Aprosoja-MT, esclarece que os agricultores de Mato Grosso devem aguardar chuvas significativas para garantir a umidade adequada do solo e permitir a germina\u00e7\u00e3o das sementes. O estado n\u00e3o prev\u00ea chuvas expressivas nos pr\u00f3ximos 15 dias, mas h\u00e1 possibilidade de chuvas isoladas.<\/p>\n<p>\u201cNo Mato Grosso, o que se nota \u00e9 que grande parte dos agricultores deixa o plantio para o m\u00eas de outubro. Na safra passada, o Instituto Mato-grossense de Economia Agropecu\u00e1ria (<a href=\"https:\/\/imea.com.br\/imea-site\/\">Imea<\/a>) mostrou que no in\u00edcio do m\u00eas de outubro s\u00f3 14% dos produtores tinham semeado a soja, mas, no final do mesmo m\u00eas, o n\u00famero passou para 70%\u201d, explica Beber.<\/p>\n<\/div>\n<div>\n<h2 class=\"wp-block-heading\" id=\"h-safra-2024-25-de-soja\">Safra 2024\/25 de soja<\/h2>\n<figure class=\"wp-block-image size-large\"><img fetchpriority=\"high\" decoding=\"async\" width=\"768\" height=\"1024\" alt=\"Soja, oleaginosa, colheita, oeste da bahia,\" class=\"wp-image-4048498\"  data-lazy- src=\"https:\/\/agromt.news\/wp-content\/uploads\/2024\/09\/Produtores-de-Mato-Grosso-ja-podem-dar-inicio-a-plantacao.jpeg\"\/><img decoding=\"async\" width=\"768\" height=\"1024\" src=\"https:\/\/agromt.news\/wp-content\/uploads\/2024\/09\/Produtores-de-Mato-Grosso-ja-podem-dar-inicio-a-plantacao.jpeg\" alt=\"Soja, oleaginosa, colheita, oeste da bahia,\" class=\"wp-image-4048498\"  \/><figcaption class=\"wp-element-caption\">Foto: Vinicius Ramos\/Canal Rural BA<\/figcaption><\/figure>\n<p>Mesmo com a falta de chuvas no estado, para a safra 2024\/25, a previs\u00e3o \u00e9 de que sejam colhidas 44 milh\u00f5es de toneladas do gr\u00e3o, um aumento de aproximadamente 12,8% comparado \u00e0 safra anterior, segundo o Imea. Na safra 2023\/24, foram colhidas cerca de 39 milh\u00f5es do produto.<\/p>\n<p>Segundo o Imea, o cen\u00e1rio tamb\u00e9m \u00e9 positivo em rela\u00e7\u00e3o \u00e0 produtividade do gr\u00e3o quando comparado ao do \u00faltimo ano. Nesta safra, os produtores podem colher aproximadamente 57,9 milh\u00f5es de hectares, enquanto em 2023, foram colhidas 52,1 milh\u00f5es de hectares.<\/p>\n<\/div>\n<p><br \/>\n<br \/><a href=\"https:\/\/www.canalrural.com.br\/agricultura\/projeto-soja-brasil\/produtores-do-mato-grosso-ja-podem-dar-inicio-a-plantacao-de-soja\/\">Source link <\/a><\/p>\n","protected":false},"excerpt":{"rendered":"<p>Com o fim do vazio sanit\u00e1rio no Mato Grosso nesta sexta-feira (6), de acordo com o calend\u00e1rio estabelecido pelo Minist\u00e9rio<\/p>\n","protected":false},"author":1,"featured_media":1066,"comment_status":"open","ping_status":"open","sticky":false,"template":"","format":"standard","meta":{"_monsterinsights_skip_tracking":false,"_monsterinsights_sitenote_active":false,"_monsterinsights_sitenote_note":"","_monsterinsights_sitenote_category":0,"_uf_show_specific_survey":0,"_uf_disable_surveys":false,"footnotes":""},"categories":[1],"tags":[],"class_list":["post-1135","post","type-post","status-publish","format-standard","has-post-thumbnail","hentry","category-news"],"_links":{"self":[{"href":"https:\/\/agromt.news\/index.php?rest_route=\/wp\/v2\/posts\/1135"}],"collection":[{"href":"https:\/\/agromt.news\/index.php?rest_route=\/wp\/v2\/posts"}],"about":[{"href":"https:\/\/agromt.news\/index.php?rest_route=\/wp\/v2\/types\/post"}],"author":[{"embeddable":true,"href":"https:\/\/agromt.news\/index.php?rest_route=\/wp\/v2\/users\/1"}],"replies":[{"embeddable":true,"href":"https:\/\/agromt.news\/index.php?rest_route=%2Fwp%2Fv2%2Fcomments&post=1135"}],"version-history":[{"count":0,"href":"https:\/\/agromt.news\/index.php?rest_route=\/wp\/v2\/posts\/1135\/revisions"}],"wp:featuredmedia":[{"embeddable":true,"href":"https:\/\/agromt.news\/index.php?rest_route=\/wp\/v2\/media\/1066"}],"wp:attachment":[{"href":"https:\/\/agromt.news\/index.php?rest_route=%2Fwp%2Fv2%2Fmedia&parent=1135"}],"wp:term":[{"taxonomy":"category","embeddable":true,"href":"https:\/\/agromt.news\/index.php?rest_route=%2Fwp%2Fv2%2Fcategories&post=1135"},{"taxonomy":"post_tag","embeddable":true,"href":"https:\/\/agromt.news\/index.php?rest_route=%2Fwp%2Fv2%2Ftags&post=1135"}],"curies":[{"name":"wp","href":"https:\/\/api.w.org\/{rel}","templated":true}]}}