{"id":1133,"date":"2024-09-06T12:42:01","date_gmt":"2024-09-06T16:42:01","guid":{"rendered":"https:\/\/agromt.news\/?p=1133"},"modified":"2024-09-06T12:42:01","modified_gmt":"2024-09-06T16:42:01","slug":"setor-representa-15-do-valor-bruto-da-producao-no-parana","status":"publish","type":"post","link":"https:\/\/agromt.news\/?p=1133","title":{"rendered":"setor representa 1,5% do Valor Bruto da Produ\u00e7\u00e3o no Paran\u00e1"},"content":{"rendered":"<p> <br \/>\n<\/p>\n<div>\n<p style=\"text-align:justify\">O Boletim de Conjuntura Agropecu\u00e1ria, divulgado nesta quinta-feira (05) pelo Departamento de Economia Rural (Deral), da Secretaria de Estado da Agricultura e do Abastecimento do Paran\u00e1, revelou que o Valor Bruto da Produ\u00e7\u00e3o (VBP) do estado alcan\u00e7ou R$ 198 bilh\u00f5es. Esse montante reflete a robustez econ\u00f4mica do setor agr\u00edcola paranaense, centrado principalmente na produ\u00e7\u00e3o de gr\u00e3os, cereais e prote\u00ednas animais.\n<\/p>\n<p style=\"text-align:justify\">A fruticultura, embora desempenhe um papel menor em compara\u00e7\u00e3o com outros segmentos do agroneg\u00f3cio estadual, representa uma parte consider\u00e1vel\u00a0da economia local. Em 2023, o setor de frutas contribuiu com 1,5% do VBP, totalizando R$ 2,9 bilh\u00f5es. Esta contribui\u00e7\u00e3o resulta da colheita de 1,4 milh\u00e3o de toneladas de frutas em uma \u00e1rea de 54,3 mil hectares.<\/p>\n<p style=\"text-align:justify\">Dentre as atividades frut\u00edcolas, a citricultura se destaca como a principal, englobando laranjas, tangerinas e lim\u00f5es. Este segmento responde por 54% da \u00e1rea total de pomares, 63,4% do volume produzido e 34,2% do VBP da fruticultura no estado. No ranking das frutas por valor gerado, a <a href=\"https:\/\/www.agrolink.com.br\/culturas\/laranja?utm_source=agrolink-detalhe-noticia&amp;utm_medium=detalhe-noticia&amp;utm_campaign=links-internos\" target=\"_blank\" rel=\"noopener\">laranja<\/a> lidera com R$ 752 milh\u00f5es, o que corresponde a 26,1% do VBP do setor. Seguem-se o morango, com R$ 546,4 milh\u00f5es (19,1%); a <a href=\"https:\/\/www.agrolink.com.br\/culturas\/uva?utm_source=agrolink-detalhe-noticia&amp;utm_medium=detalhe-noticia&amp;utm_campaign=links-internos\" target=\"_blank\" rel=\"noopener\">uva<\/a>, com R$ 262 milh\u00f5es (9,1%); a <a href=\"https:\/\/www.agrolink.com.br\/culturas\/banana?utm_source=agrolink-detalhe-noticia&amp;utm_medium=detalhe-noticia&amp;utm_campaign=links-internos\" target=\"_blank\" rel=\"noopener\">banana<\/a>, com R$ 213,2 milh\u00f5es (7,4%); e a tangerina, com R$ 177,4 milh\u00f5es (6,2%).\n<\/p>\n<p style=\"text-align:justify\">Essas cinco frutas representam 67,7% do VBP estadual do setor frutal, 78,3% da quantidade colhida e 73,6% da \u00e1rea cultivada. Apesar de sua participa\u00e7\u00e3o relativamente pequena na economia rural total, a fruticultura tem um impacto consider\u00e1vel nas regi\u00f5es e nos 392 munic\u00edpios onde \u00e9 praticada, gerando empregos e renda em diversas etapas das cadeias produtivas.<\/p>\n<\/div>\n<p><script data-cfasync=\"false\">\n    !function (f, b, e, v, n, t, s) {\n        if (f.fbq) return; n = f.fbq = function () {\n            n.callMethod ?\n                n.callMethod.apply(n, arguments) : n.queue.push(arguments)\n        };\n        if (!f._fbq) f._fbq = n; n.push = n; n.loaded = !0; n.version = '2.0';\n        n.queue = []; t = b.createElement(e); t.async = !0;\n        t.src = v; s = b.getElementsByTagName(e)[0];\n        s.parentNode.insertBefore(t, s)\n    }(window, document, 'script',\n        'https:\/\/connect.facebook.net\/en_US\/fbevents.js');\n    fbq('init', '522546078623747');\n    fbq('track', 'PageView');\n<\/script><br \/>\n<br \/><br \/>\n<br \/><a href=\"https:\/\/www.agrolink.com.br\/noticias\/fruticultura--setor-representa-1-5--do-valor-bruto-da-producao-no-parana_494699.html\">Source link <\/a><\/p>\n","protected":false},"excerpt":{"rendered":"<p>O Boletim de Conjuntura Agropecu\u00e1ria, divulgado nesta quinta-feira (05) pelo Departamento de Economia Rural (Deral), da Secretaria de Estado da<\/p>\n","protected":false},"author":1,"featured_media":1134,"comment_status":"open","ping_status":"open","sticky":false,"template":"","format":"standard","meta":{"_monsterinsights_skip_tracking":false,"_monsterinsights_sitenote_active":false,"_monsterinsights_sitenote_note":"","_monsterinsights_sitenote_category":0,"_uf_show_specific_survey":0,"_uf_disable_surveys":false,"footnotes":""},"categories":[8,1,14],"tags":[],"class_list":["post-1133","post","type-post","status-publish","format-standard","has-post-thumbnail","hentry","category-agro","category-news","category-politica-agro"],"_links":{"self":[{"href":"https:\/\/agromt.news\/index.php?rest_route=\/wp\/v2\/posts\/1133"}],"collection":[{"href":"https:\/\/agromt.news\/index.php?rest_route=\/wp\/v2\/posts"}],"about":[{"href":"https:\/\/agromt.news\/index.php?rest_route=\/wp\/v2\/types\/post"}],"author":[{"embeddable":true,"href":"https:\/\/agromt.news\/index.php?rest_route=\/wp\/v2\/users\/1"}],"replies":[{"embeddable":true,"href":"https:\/\/agromt.news\/index.php?rest_route=%2Fwp%2Fv2%2Fcomments&post=1133"}],"version-history":[{"count":0,"href":"https:\/\/agromt.news\/index.php?rest_route=\/wp\/v2\/posts\/1133\/revisions"}],"wp:featuredmedia":[{"embeddable":true,"href":"https:\/\/agromt.news\/index.php?rest_route=\/wp\/v2\/media\/1134"}],"wp:attachment":[{"href":"https:\/\/agromt.news\/index.php?rest_route=%2Fwp%2Fv2%2Fmedia&parent=1133"}],"wp:term":[{"taxonomy":"category","embeddable":true,"href":"https:\/\/agromt.news\/index.php?rest_route=%2Fwp%2Fv2%2Fcategories&post=1133"},{"taxonomy":"post_tag","embeddable":true,"href":"https:\/\/agromt.news\/index.php?rest_route=%2Fwp%2Fv2%2Ftags&post=1133"}],"curies":[{"name":"wp","href":"https:\/\/api.w.org\/{rel}","templated":true}]}}