{"id":1131,"date":"2024-09-06T10:21:49","date_gmt":"2024-09-06T14:21:49","guid":{"rendered":"https:\/\/agromt.news\/?p=1131"},"modified":"2024-09-06T10:21:49","modified_gmt":"2024-09-06T14:21:49","slug":"conab-adia-leilao-de-sementes-destinadas-ao-rs","status":"publish","type":"post","link":"https:\/\/agromt.news\/?p=1131","title":{"rendered":"Conab adia leil\u00e3o de sementes destinadas ao RS"},"content":{"rendered":"<p> <br \/>\n<br \/><img decoding=\"async\" src=\"https:\/\/agromt.news\/wp-content\/uploads\/2024\/09\/Conab-adia-leilao-de-sementes-destinadas-ao-RS.jpg\" \/><\/p>\n<div>\n<p>As opera\u00e7\u00f5es de leil\u00e3o para adquirir sementes de arroz marcadas para esta quinta-feira (5) foram adiadas pela Companhia Nacional de Abastecimento (Conab) para a pr\u00f3xima segunda, dia 9. <\/p>\n<p><em>Confira na palma da m\u00e3o informa\u00e7\u00f5es quentes sobre agricultura, pecu\u00e1ria, economia e previs\u00e3o do tempo:<\/em><a href=\"https:\/\/www.whatsapp.com\/channel\/0029Va9VnZxGk1FplZjiW43k\"><em> <\/em><strong>siga o Canal Rural no WhatsApp<\/strong><\/a>!<\/p>\n<p>O produto \u00e9 destinado \u00e0 doa\u00e7\u00e3o para associa\u00e7\u00f5es de <strong><a href=\"https:\/\/www.canalrural.com.br\/agricultura\/\">agricultores familiares<\/a><\/strong> nos munic\u00edpios <strong><a href=\"https:\/\/www.canalrural.com.br\/nacional\/rio-grande-do-sul\/\">ga\u00fachos<\/a><\/strong> de Nova Santa Rita, Eldorado do Sul e Viam\u00e3o. Os recursos foram destinados pelo Minist\u00e9rio do Desenvolvimento Agr\u00e1rio e Agricultura Familiar (MDA).<\/p>\n<\/div>\n<div>\n<p>Al\u00e9m da mudan\u00e7a na data, foram estabelecidos novos volumes a serem comprados por lote ofertado, totalizando a aquisi\u00e7\u00e3o de 458,5 mil quilos de sementes de arroz da safra 23\/24. <\/p>\n<p>Essa altera\u00e7\u00e3o considera o atual pre\u00e7o de abertura para cada cultivar a ser adquirida. Os valores de cada opera\u00e7\u00e3o est\u00e3o dispon\u00edveis nos comunicados divulgados no site da estatal.<\/p>\n<p>As empresas fornecedoras de sementes de arroz que desejarem participar das opera\u00e7\u00f5es de leil\u00e3o dever\u00e3o atender \u00e0s exig\u00eancias previstas nos editais. Entre elas: <\/p>\n<ul class=\"wp-block-list\">\n<li>estar cadastradas perante uma Bolsa de Mercadorias;<\/li>\n<li>estar em situa\u00e7\u00e3o regular no Sistema de Cadastramento Unificado de Fornecedores (Sicaf);<\/li>\n<li>registradas no Sistema de Cadastro Nacional de Produtores Rurais e demais agentes (Sican) da Conab;<\/li>\n<li>possuir o Registro Nacional de Sementes e Mudas (Renasem) emitido pelo Minist\u00e9rio da Agricultura e Pecu\u00e1ria.<\/li>\n<\/ul>\n<\/div>\n<p><br \/>\n<br \/><a href=\"https:\/\/www.canalrural.com.br\/agricultura\/arroz-conab-adia-leilao-de-sementes-destinadas-ao-rs\/\">Source link <\/a><\/p>\n","protected":false},"excerpt":{"rendered":"<p>As opera\u00e7\u00f5es de leil\u00e3o para adquirir sementes de arroz marcadas para esta quinta-feira (5) foram adiadas pela Companhia Nacional de<\/p>\n","protected":false},"author":1,"featured_media":1132,"comment_status":"open","ping_status":"open","sticky":false,"template":"","format":"standard","meta":{"_monsterinsights_skip_tracking":false,"_monsterinsights_sitenote_active":false,"_monsterinsights_sitenote_note":"","_monsterinsights_sitenote_category":0,"_uf_show_specific_survey":0,"_uf_disable_surveys":false,"footnotes":""},"categories":[1],"tags":[],"class_list":["post-1131","post","type-post","status-publish","format-standard","has-post-thumbnail","hentry","category-news"],"_links":{"self":[{"href":"https:\/\/agromt.news\/index.php?rest_route=\/wp\/v2\/posts\/1131"}],"collection":[{"href":"https:\/\/agromt.news\/index.php?rest_route=\/wp\/v2\/posts"}],"about":[{"href":"https:\/\/agromt.news\/index.php?rest_route=\/wp\/v2\/types\/post"}],"author":[{"embeddable":true,"href":"https:\/\/agromt.news\/index.php?rest_route=\/wp\/v2\/users\/1"}],"replies":[{"embeddable":true,"href":"https:\/\/agromt.news\/index.php?rest_route=%2Fwp%2Fv2%2Fcomments&post=1131"}],"version-history":[{"count":0,"href":"https:\/\/agromt.news\/index.php?rest_route=\/wp\/v2\/posts\/1131\/revisions"}],"wp:featuredmedia":[{"embeddable":true,"href":"https:\/\/agromt.news\/index.php?rest_route=\/wp\/v2\/media\/1132"}],"wp:attachment":[{"href":"https:\/\/agromt.news\/index.php?rest_route=%2Fwp%2Fv2%2Fmedia&parent=1131"}],"wp:term":[{"taxonomy":"category","embeddable":true,"href":"https:\/\/agromt.news\/index.php?rest_route=%2Fwp%2Fv2%2Fcategories&post=1131"},{"taxonomy":"post_tag","embeddable":true,"href":"https:\/\/agromt.news\/index.php?rest_route=%2Fwp%2Fv2%2Ftags&post=1131"}],"curies":[{"name":"wp","href":"https:\/\/api.w.org\/{rel}","templated":true}]}}