{"id":1129,"date":"2024-09-06T10:07:54","date_gmt":"2024-09-06T14:07:54","guid":{"rendered":"https:\/\/agromt.news\/?p=1129"},"modified":"2024-09-06T10:07:54","modified_gmt":"2024-09-06T14:07:54","slug":"fim-de-semana-sera-marcado-por-calor-intenso-e-risco-de-incendios-no-brasil","status":"publish","type":"post","link":"https:\/\/agromt.news\/?p=1129","title":{"rendered":"Fim de semana ser\u00e1 marcado por calor intenso e risco de inc\u00eandios no Brasil"},"content":{"rendered":"<p> <br \/>\n<\/p>\n<div>\n<div class=\"row\">\n<div class=\"col-lg col-infos mt-3 mt-lg-0\">\n<div class=\"section-sub-title\">\n<p itemprop=\"description\">\nPrevis\u00e3o \u00e9 de que o clima seco e as temperaturas extremas permane\u00e7am\n<\/p>\n<\/div>\n<div class=\"container\">\n<div class=\"row\">\n<div class=\"col-lg p-0\">\n<div>\n<div class=\"block-news-main-infos mt-3 text-start\">\n<strong class=\"fn\" itemprop=\"author\" style=\"color: rgb(112, 112, 112); \"><br \/>\n<a href=\"https:\/\/www.agrolink.com.br\/noticias\/javascript:;\" class=\"text-uppercase\" target=\"_blank\" style=\"color: rgb(112, 112, 112); \" rel=\"noopener\">Agrolink<\/a><br \/>\n&#8211; Aline Merladete<br \/>\n<\/strong><br \/>\n<br \/>\n<abbr><time datetime=\"2024-09-06T04:57\" itemprop=\"datePublished dateModified\">Publicado em 06\/09\/2024 \u00e0s 04:57h.<\/time><\/abbr>\n<\/div>\n<\/div>\n<\/div>\n<div class=\"col-lg p-0 text-lg-end\">\n<div>\n<div id=\"mdEnviarPagina\" class=\"modal fade\" role=\"dialog\">\n<div class=\"modal-dialog\">\n<div class=\"modal-content\">\n<div class=\"modal-body\">\n<p><strong>Estimado usu\u00e1rio.<\/strong><br \/>Preencha o formul\u00e1rio abaixo para remeter a p\u00e1gina.<\/p>\n<\/div>\n<\/div>\n<\/div>\n<\/div>\n<\/div>\n<\/div>\n<\/div>\n<\/div>\n<\/div>\n<\/div>\n<div class=\"row justify-content-md-center mt-3\">\n<div class=\"col-lg-auto col-image  block-news-main-image d-none d-md-block\">\n<img decoding=\"async\" src=\"https:\/\/www.agrolink.com.br\/upload\/imagens-resizes\/7346935900994672bd54106efba52732_858x483.jpg\" class=\"lazyload\"\/><br \/>\n<span class=\"publicity-photo d-block mt-1\">Foto: Freepok<\/span>\n<\/div>\n<\/div>\n<div class=\"section-description section-description-noticias mt-3\">\n<p style=\"text-align:justify\">Segundo o meteorologista Gabriel Rodrigues, do Portal Agrolink, uma frente fria est\u00e1 se deslocando para o Oceano, levando as chuvas e uma massa de ar frio que poder\u00e1 reduzir as temperaturas em partes da Regi\u00e3o Nordeste, principalmente nas manh\u00e3s de s\u00e1bado e domingo. No entanto, a previs\u00e3o \u00e9 de que o clima seco e as temperaturas extremas permane\u00e7am no Centro-Norte do Brasil, agravando a seca prolongada e aumentando os riscos de inc\u00eandios.\n<\/p>\n<p style=\"text-align:justify\">As condi\u00e7\u00f5es de chuva ser\u00e3o m\u00ednimas em grande parte do pa\u00eds neste fim de semana, com poucas precipita\u00e7\u00f5es concentradas no litoral de S\u00e3o Paulo e Rio de Janeiro. Os volumes n\u00e3o devem ultrapassar 10 mm, e a presen\u00e7a de nuvens ser\u00e1 maior no Esp\u00edrito Santo e no Leste do Paran\u00e1, mas sem grandes chances de chuvas.<\/p>\n<p style=\"text-align:justify\"><a href=\"https:\/\/www.agrolink.com.br\/agrotempo?utm_source=agrolink-detalhe-noticia&amp;utm_medium=detalhe-noticia&amp;utm_campaign=links-internos\" target=\"_blank\" rel=\"noopener\">Clique aqui e acesse AGROTEMPO<\/a><\/p>\n<p style=\"text-align:justify\">J\u00e1 no domingo, uma nova frente fria poder\u00e1 surgir no extremo Sul do Rio Grande do Sul, mas dificilmente avan\u00e7ar\u00e1 para outras regi\u00f5es do estado. As temperaturas no amanhecer desta sexta-feira foram baixas no Sul, mas devem subir gradativamente nos pr\u00f3ximos dias. No Leste de Minas Gerais e no Centro-Sul da Bahia, as temperaturas podem cair, com a possibilidade de registros abaixo de 10\u00b0C no amanhecer de domingo. No entanto, o aquecimento ser\u00e1 r\u00e1pido, resultando em dias de grande amplitude t\u00e9rmica.\n<\/p>\n<p style=\"text-align:justify\">O cen\u00e1rio \u00e9 preocupante no Centro-Norte do Brasil, com a continuidade das altas temperaturas e a baixa umidade. Regi\u00f5es como Mato Grosso, Goi\u00e1s, Rond\u00f4nia e Tocantins poder\u00e3o registrar \u00edndices de umidade abaixo de 10%, agravando o risco de focos de inc\u00eandios. O calor ser\u00e1 intenso, com proje\u00e7\u00f5es de temperaturas acima dos 38\u00b0C no Noroeste do Rio Grande do Sul, Oeste de Santa Catarina e Oeste do Paran\u00e1. No Centro-Oeste e na Amaz\u00f4nia, os term\u00f4metros poder\u00e3o atingir 40\u00b0C.<\/p>\n<p style=\"text-align:justify\">\u00a0<\/p>\n<\/div>\n<\/div>\n<p><script data-cfasync=\"false\">\n    !function (f, b, e, v, n, t, s) {\n        if (f.fbq) return; n = f.fbq = function () {\n            n.callMethod ?\n                n.callMethod.apply(n, arguments) : n.queue.push(arguments)\n        };\n        if (!f._fbq) f._fbq = n; n.push = n; n.loaded = !0; n.version = '2.0';\n        n.queue = []; t = b.createElement(e); t.async = !0;\n        t.src = v; s = b.getElementsByTagName(e)[0];\n        s.parentNode.insertBefore(t, s)\n    }(window, document, 'script',\n        'https:\/\/connect.facebook.net\/en_US\/fbevents.js');\n    fbq('init', '522546078623747');\n    fbq('track', 'PageView');\n<\/script><br \/>\n<br \/><br \/>\n<br \/><a href=\"https:\/\/www.agrolink.com.br\/noticias\/fim-de-semana-sera-marcado-por-calor-intenso-e-risco-de-incendios-no-brasil_494700.html\">Source link <\/a><\/p>\n","protected":false},"excerpt":{"rendered":"<p>Previs\u00e3o \u00e9 de que o clima seco e as temperaturas extremas permane\u00e7am Agrolink &#8211; Aline Merladete Publicado em 06\/09\/2024 \u00e0s<\/p>\n","protected":false},"author":1,"featured_media":1130,"comment_status":"open","ping_status":"open","sticky":false,"template":"","format":"standard","meta":{"_monsterinsights_skip_tracking":false,"_monsterinsights_sitenote_active":false,"_monsterinsights_sitenote_note":"","_monsterinsights_sitenote_category":0,"_uf_show_specific_survey":0,"_uf_disable_surveys":false,"footnotes":""},"categories":[8,1,14],"tags":[],"class_list":["post-1129","post","type-post","status-publish","format-standard","has-post-thumbnail","hentry","category-agro","category-news","category-politica-agro"],"_links":{"self":[{"href":"https:\/\/agromt.news\/index.php?rest_route=\/wp\/v2\/posts\/1129"}],"collection":[{"href":"https:\/\/agromt.news\/index.php?rest_route=\/wp\/v2\/posts"}],"about":[{"href":"https:\/\/agromt.news\/index.php?rest_route=\/wp\/v2\/types\/post"}],"author":[{"embeddable":true,"href":"https:\/\/agromt.news\/index.php?rest_route=\/wp\/v2\/users\/1"}],"replies":[{"embeddable":true,"href":"https:\/\/agromt.news\/index.php?rest_route=%2Fwp%2Fv2%2Fcomments&post=1129"}],"version-history":[{"count":0,"href":"https:\/\/agromt.news\/index.php?rest_route=\/wp\/v2\/posts\/1129\/revisions"}],"wp:featuredmedia":[{"embeddable":true,"href":"https:\/\/agromt.news\/index.php?rest_route=\/wp\/v2\/media\/1130"}],"wp:attachment":[{"href":"https:\/\/agromt.news\/index.php?rest_route=%2Fwp%2Fv2%2Fmedia&parent=1129"}],"wp:term":[{"taxonomy":"category","embeddable":true,"href":"https:\/\/agromt.news\/index.php?rest_route=%2Fwp%2Fv2%2Fcategories&post=1129"},{"taxonomy":"post_tag","embeddable":true,"href":"https:\/\/agromt.news\/index.php?rest_route=%2Fwp%2Fv2%2Ftags&post=1129"}],"curies":[{"name":"wp","href":"https:\/\/api.w.org\/{rel}","templated":true}]}}