{"id":1127,"date":"2024-09-06T10:05:37","date_gmt":"2024-09-06T14:05:37","guid":{"rendered":"https:\/\/agromt.news\/?p=1127"},"modified":"2024-09-06T10:05:37","modified_gmt":"2024-09-06T14:05:37","slug":"carne-de-frango-inicia-setembro-com-precos-em-alta-abates-sao-recordes","status":"publish","type":"post","link":"https:\/\/agromt.news\/?p=1127","title":{"rendered":"Carne de frango inicia setembro com pre\u00e7os em alta; abates s\u00e3o recordes"},"content":{"rendered":"<p> <br \/>\n<br \/><img decoding=\"async\" src=\"https:\/\/agromt.news\/wp-content\/uploads\/2024\/09\/Carne-de-frango-inicia-setembro-com-precos-em-alta-abates.jpg\" \/><\/p>\n<div>\n<p>Os pre\u00e7os da carne de frango iniciaram setembro em alta em grande parte das pra\u00e7as acompanhadas pelo <strong><a href=\"https:\/\/www.canalrural.com.br\/tag\/cepea\/\">Cepea<\/a><\/strong>.\u00a0<\/p>\n<p>Segundo pesquisadores, o impulso vem do t\u00edpico aumento da demanda neste per\u00edodo de maior poder de compra da popula\u00e7\u00e3o (recebimento dos sal\u00e1rios). Agentes relataram que muitos atacadistas precisaram reabastecer os estoques.\u00a0<\/p>\n<p><em>Confira na palma da m\u00e3o informa\u00e7\u00f5es quentes sobre agricultura, pecu\u00e1ria, economia e previs\u00e3o do tempo:<\/em><a href=\"https:\/\/www.whatsapp.com\/channel\/0029Va9VnZxGk1FplZjiW43k\"><em> <\/em><strong>siga o Canal Rural no WhatsApp<\/strong><\/a>!<\/p>\n<\/div>\n<div>\n<p>Quanto aos abates de frango no segundo trimestre de 2024, dados divulgados pelo IBGE indicam que foram recordes, considerando-se toda a s\u00e9rie hist\u00f3rica do Instituto, iniciada em 1997.\u00a0<\/p>\n<p>Conforme pesquisadores do Cepea, o cen\u00e1rio evidencia a estrat\u00e9gia do setor em elevar a produ\u00e7\u00e3o, no intuito de atender \u00e0 demanda externa aquecida pela prote\u00edna brasileira. Foram 1,6 bilh\u00e3o de cabe\u00e7as de frango abatidas no per\u00edodo, 1% a mais que nos primeiros tr\u00eas meses de 2024 e 3,2% acima da quantidade registrada em igual intervalo de 2023.<\/p>\n<\/div>\n<p><br \/>\n<br \/><a href=\"https:\/\/www.canalrural.com.br\/aves-e-suinos\/carne-de-frango-inicia-setembro-com-precos-em-alta-abates-sao-recordes\/\">Source link <\/a><\/p>\n","protected":false},"excerpt":{"rendered":"<p>Os pre\u00e7os da carne de frango iniciaram setembro em alta em grande parte das pra\u00e7as acompanhadas pelo Cepea.\u00a0 Segundo pesquisadores,<\/p>\n","protected":false},"author":1,"featured_media":1128,"comment_status":"open","ping_status":"open","sticky":false,"template":"","format":"standard","meta":{"_monsterinsights_skip_tracking":false,"_monsterinsights_sitenote_active":false,"_monsterinsights_sitenote_note":"","_monsterinsights_sitenote_category":0,"_uf_show_specific_survey":0,"_uf_disable_surveys":false,"footnotes":""},"categories":[1],"tags":[],"class_list":["post-1127","post","type-post","status-publish","format-standard","has-post-thumbnail","hentry","category-news"],"_links":{"self":[{"href":"https:\/\/agromt.news\/index.php?rest_route=\/wp\/v2\/posts\/1127"}],"collection":[{"href":"https:\/\/agromt.news\/index.php?rest_route=\/wp\/v2\/posts"}],"about":[{"href":"https:\/\/agromt.news\/index.php?rest_route=\/wp\/v2\/types\/post"}],"author":[{"embeddable":true,"href":"https:\/\/agromt.news\/index.php?rest_route=\/wp\/v2\/users\/1"}],"replies":[{"embeddable":true,"href":"https:\/\/agromt.news\/index.php?rest_route=%2Fwp%2Fv2%2Fcomments&post=1127"}],"version-history":[{"count":0,"href":"https:\/\/agromt.news\/index.php?rest_route=\/wp\/v2\/posts\/1127\/revisions"}],"wp:featuredmedia":[{"embeddable":true,"href":"https:\/\/agromt.news\/index.php?rest_route=\/wp\/v2\/media\/1128"}],"wp:attachment":[{"href":"https:\/\/agromt.news\/index.php?rest_route=%2Fwp%2Fv2%2Fmedia&parent=1127"}],"wp:term":[{"taxonomy":"category","embeddable":true,"href":"https:\/\/agromt.news\/index.php?rest_route=%2Fwp%2Fv2%2Fcategories&post=1127"},{"taxonomy":"post_tag","embeddable":true,"href":"https:\/\/agromt.news\/index.php?rest_route=%2Fwp%2Fv2%2Ftags&post=1127"}],"curies":[{"name":"wp","href":"https:\/\/api.w.org\/{rel}","templated":true}]}}