{"id":1121,"date":"2024-09-06T09:04:50","date_gmt":"2024-09-06T13:04:50","guid":{"rendered":"https:\/\/agromt.news\/?p=1121"},"modified":"2024-09-06T09:04:50","modified_gmt":"2024-09-06T13:04:50","slug":"calor-intenso-e-geada-no-brasil","status":"publish","type":"post","link":"https:\/\/agromt.news\/?p=1121","title":{"rendered":"calor intenso e geada no Brasil"},"content":{"rendered":"<p> <br \/>\n<br \/><img decoding=\"async\" src=\"https:\/\/agromt.news\/wp-content\/uploads\/2024\/09\/calor-intenso-e-geada-no-Brasil.jpg\" \/><\/p>\n<div>\n<p>Saiba como o clima ir\u00e1 se comportar neste final de semana em todas as regi\u00f5es do Brasil:<\/p>\n<p><em>Confira na palma da m\u00e3o informa\u00e7\u00f5es quentes sobre agricultura, pecu\u00e1ria, economia e previs\u00e3o do tempo:<\/em><a href=\"https:\/\/www.whatsapp.com\/channel\/0029Va9VnZxGk1FplZjiW43k\"><em> <\/em><strong>siga o Canal Rural no WhatsApp<\/strong><\/a>!<\/p>\n<h2 class=\"wp-block-heading\" id=\"h-sabado-7\"><strong>S\u00e1bado (7)<\/strong><\/h2>\n<h3 class=\"wp-block-heading\" id=\"h-sul\"><strong>Sul<\/strong><\/h3>\n<p>N\u00e3o h\u00e1 previs\u00e3o de chuva em toda a regi\u00e3o. Pela manh\u00e3, h\u00e1 chance de nevoeiro em <a href=\"https:\/\/www.canalrural.com.br\/tag\/rio-grande-do-sul\/\">Porto Alegre<\/a>, o que pode atrapalhar a visibilidade, e h\u00e1 condi\u00e7\u00f5es de geada na serra catarinense. No Paran\u00e1, a umidade estar\u00e1 baixa, principalmente no norte do estado.<\/p>\n<\/div>\n<div>\n<h3 class=\"wp-block-heading\" id=\"h-sudeste\"><strong>Sudeste<\/strong><\/h3>\n<p>O amanhecer ter\u00e1 um pouco mais de nuvens no leste e litoral de S\u00e3o Paulo e no sul do Rio de Janeiro. O interior da regi\u00e3o continua com ar muito seco e calor intenso \u00e0 tarde. N\u00e3o h\u00e1 previs\u00e3o de chuva.<\/p>\n<h3 class=\"wp-block-heading\" id=\"h-centro-oeste\"><strong>Centro-Oeste<\/strong><\/h3>\n<p>Dia de sol, quase sem nuvens no c\u00e9u. A umidade continua em alerta na maior parte da regi\u00e3o, e as temperaturas seguem acima da m\u00e9dia, principalmente em Mato Grosso do Sul e Mato Grosso.<\/p>\n<h3 class=\"wp-block-heading\" id=\"h-nordeste\"><strong>Nordeste<\/strong><\/h3>\n<p>S\u00e1bado com pancadas isoladas na costa leste da regi\u00e3o, intercaladas com aberturas de sol. N\u00e3o chove nas demais \u00e1reas, mas pode haver ventos moderados durante o dia.<\/p>\n<h3 class=\"wp-block-heading\" id=\"h-norte\"><strong>Norte<\/strong><\/h3>\n<p>Sol e pancadas de chuva no norte e noroeste do Amazonas e no estado de Roraima. Tempo firme e ar seco na faixa sul da regi\u00e3o, com calor intenso em Porto Velho e Palmas.<\/p>\n<h2 class=\"wp-block-heading\" id=\"h-domingo-8\"><strong>Domingo (8)<\/strong><\/h2>\n<h3 class=\"wp-block-heading\" id=\"h-sul\"><strong>Sul<\/strong><\/h3>\n<p>A frente fria se afasta, mas a circula\u00e7\u00e3o de ventos aumenta a condi\u00e7\u00e3o de chuva novamente no centro-sul do Rio Grande do Sul, com temperaturas mais baixas na Campanha. Haver\u00e1 varia\u00e7\u00e3o de nuvens e tempo firme em Porto Alegre. O calor retorna \u00e0 metade norte do Rio Grande do Sul e aos estados de Santa Catarina e Paran\u00e1, com ar seco no norte paranaense.<\/p>\n<h3 class=\"wp-block-heading\" id=\"h-sudeste\"><strong>Sudeste<\/strong><\/h3>\n<p>Dia de sol e calor \u00e0 tarde em todo o Sudeste. Pode haver ventos moderados no litoral norte de S\u00e3o Paulo e no litoral do Rio de Janeiro. N\u00e3o h\u00e1 previs\u00e3o de chuva nas capitais da regi\u00e3o, e o ar ficar\u00e1 bem seco, com umidade relativa em estado de emerg\u00eancia no norte de S\u00e3o Paulo e parte do Tri\u00e2ngulo Mineiro.<\/p>\n<h3 class=\"wp-block-heading\" id=\"h-centro-oeste\"><strong>Centro-Oeste<\/strong><\/h3>\n<p>As condi\u00e7\u00f5es de tempo n\u00e3o mudam. Dia de muito sol, calor e umidade do ar em alerta. As temperaturas m\u00e1ximas continuam acima de 35\u00b0C, especialmente no interior da regi\u00e3o. N\u00e3o h\u00e1 previs\u00e3o de chuva, e o risco de queimadas permanece elevado.<\/p>\n<h3 class=\"wp-block-heading\" id=\"h-nordeste\"><strong>Nordeste<\/strong><\/h3>\n<p>O interior do Nordeste estar\u00e1 quente, muito seco e com rajadas de ventos moderadas a fortes. Calor intenso em Teresina e nas cidades do oeste e interior da Bahia. Haver\u00e1 pancadas de chuva apenas na costa leste da regi\u00e3o, com chuvas moderadas em Aracaju, Macei\u00f3 e Recife.<\/p>\n<h3 class=\"wp-block-heading\" id=\"h-norte\"><strong>Norte<\/strong><\/h3>\n<p>Dia de sol e tempo firme desde o oeste do Acre at\u00e9 o estado do Tocantins, com ar seco no centro-sul de Rond\u00f4nia e do Par\u00e1. Haver\u00e1 pancadas de chuva \u00e0 tarde no noroeste e norte do Amazonas e em Roraima.<\/p>\n<\/div>\n<p><br \/>\n<br \/><a href=\"https:\/\/www.canalrural.com.br\/tempo\/fim-de-semana-de-extremos-calor-intenso-e-geada-no-brasil\/\">Source link <\/a><\/p>\n","protected":false},"excerpt":{"rendered":"<p>Saiba como o clima ir\u00e1 se comportar neste final de semana em todas as regi\u00f5es do Brasil: Confira na palma<\/p>\n","protected":false},"author":1,"featured_media":1122,"comment_status":"open","ping_status":"open","sticky":false,"template":"","format":"standard","meta":{"_monsterinsights_skip_tracking":false,"_monsterinsights_sitenote_active":false,"_monsterinsights_sitenote_note":"","_monsterinsights_sitenote_category":0,"_uf_show_specific_survey":0,"_uf_disable_surveys":false,"footnotes":""},"categories":[1],"tags":[],"class_list":["post-1121","post","type-post","status-publish","format-standard","has-post-thumbnail","hentry","category-news"],"_links":{"self":[{"href":"https:\/\/agromt.news\/index.php?rest_route=\/wp\/v2\/posts\/1121"}],"collection":[{"href":"https:\/\/agromt.news\/index.php?rest_route=\/wp\/v2\/posts"}],"about":[{"href":"https:\/\/agromt.news\/index.php?rest_route=\/wp\/v2\/types\/post"}],"author":[{"embeddable":true,"href":"https:\/\/agromt.news\/index.php?rest_route=\/wp\/v2\/users\/1"}],"replies":[{"embeddable":true,"href":"https:\/\/agromt.news\/index.php?rest_route=%2Fwp%2Fv2%2Fcomments&post=1121"}],"version-history":[{"count":0,"href":"https:\/\/agromt.news\/index.php?rest_route=\/wp\/v2\/posts\/1121\/revisions"}],"wp:featuredmedia":[{"embeddable":true,"href":"https:\/\/agromt.news\/index.php?rest_route=\/wp\/v2\/media\/1122"}],"wp:attachment":[{"href":"https:\/\/agromt.news\/index.php?rest_route=%2Fwp%2Fv2%2Fmedia&parent=1121"}],"wp:term":[{"taxonomy":"category","embeddable":true,"href":"https:\/\/agromt.news\/index.php?rest_route=%2Fwp%2Fv2%2Fcategories&post=1121"},{"taxonomy":"post_tag","embeddable":true,"href":"https:\/\/agromt.news\/index.php?rest_route=%2Fwp%2Fv2%2Ftags&post=1121"}],"curies":[{"name":"wp","href":"https:\/\/api.w.org\/{rel}","templated":true}]}}