{"id":1117,"date":"2024-09-06T08:33:33","date_gmt":"2024-09-06T12:33:33","guid":{"rendered":"https:\/\/agromt.news\/?p=1117"},"modified":"2024-09-06T08:33:33","modified_gmt":"2024-09-06T12:33:33","slug":"orplana-estima-prejuizo-de-r-800-mi-para-produtor-com-100-mil-hectares-queimados","status":"publish","type":"post","link":"https:\/\/agromt.news\/?p=1117","title":{"rendered":"Orplana estima preju\u00edzo de R$ 800 mi para produtor com 100 mil hectares queimados"},"content":{"rendered":"<p> <br \/>\n<br \/><img decoding=\"async\" src=\"https:\/\/agromt.news\/wp-content\/uploads\/2024\/09\/Orplana-estima-prejuizo-de-R-800-mi-para-produtor-com.webp.webp\" \/><\/p>\n<div>\n<p>A Organiza\u00e7\u00e3o de Associa\u00e7\u00f5es de Produtores de Cana do Brasil (<strong>Orplana<\/strong>) estimou, em nota, preju\u00edzo de R$ 800 milh\u00f5es aos produtores provocados pelos cerca de 2,3 mil focos de <a href=\"https:\/\/www.canalrural.com.br\/tag\/incendios\/\">inc\u00eandio<\/a> que devastaram perto de 100 mil hectares de \u00e1reas com cana-de-a\u00e7\u00facar entre o fim de semana dos dias 24 e 25 de agosto e a quarta-feira (4).<\/p>\n<p><em>Confira na palma da m\u00e3o informa\u00e7\u00f5es quentes sobre agricultura, pecu\u00e1ria, economia e previs\u00e3o do tempo:<\/em><a href=\"https:\/\/www.whatsapp.com\/channel\/0029Va9VnZxGk1FplZjiW43k\"><em> <\/em><strong>siga o Canal Rural no WhatsApp<\/strong><\/a>!<\/p>\n<p>Os n\u00fameros comp\u00f5em um novo balan\u00e7o da entidade sobre os impactos dos inc\u00eandios que atingiram as propriedades rurais em S\u00e3o Paulo e em outras regi\u00f5es do Brasil. Segundo a organiza\u00e7\u00e3o, os danos incluem perdas na cana em p\u00e9, nas soqueiras e na qualidade da mat\u00e9ria-prima. A \u00e1rea afetada exclui as \u00e1reas de preserva\u00e7\u00e3o permanente, reservas legais e pastagens.<\/p>\n<\/div>\n<div>\n<p>O CEO da Orplana, Jos\u00e9 Guilherme Nogueira, destacou a preocupa\u00e7\u00e3o com a recupera\u00e7\u00e3o das \u00e1reas prejudicadas, mas avaliou ainda ser cedo para calcular efeitos sobre a atual e a pr\u00f3xima safra da cana, o que depender\u00e3o das condi\u00e7\u00f5es clim\u00e1ticas ao longo das pr\u00f3ximas semanas.<\/p>\n<p>\u201c<em>Esse cen\u00e1rio de clima seco e falta de chuvas pode causar impacto na safra futura, mas ainda \u00e9 cedo para essas previs\u00f5es. Esperamos que as chuvas deste final de ano venham de forma uniforme e volumosa e a rebrota da cana-de-a\u00e7\u00facar aconte\u00e7a de uma maneira mais tranquila<\/em>\u201c, afirmou, em nota.<\/p>\n<p>A entidade tamb\u00e9m destacou o an\u00fancio do Minist\u00e9rio da Agricultura sobre uma linha de cr\u00e9dito espec\u00edfica para o replantio da cana nas \u00e1reas afetadas. \u201c<em>O cr\u00e9dito ser\u00e1 um bom alento para os produtores de cana, que gastam, em m\u00e9dia, R$ 13,5 mil para a elimina\u00e7\u00e3o da soqueira, da rebrota ruim e para a realiza\u00e7\u00e3o do plantio<\/em>\u201c, disse. \u201c<em>E, muitas vezes, os produtores n\u00e3o conseguem pagar isso em um ano, mas sim em duas ou tr\u00eas safras. Por isso, a linha de cr\u00e9dito ir\u00e1 ajudar<\/em>\u201c, completou Nogueira, na nota.<\/p>\n<\/div>\n<p><br \/>\n<br \/><a href=\"https:\/\/www.canalrural.com.br\/agricultura\/orplana-estima-prejuizo-de-r-800-mi-para-produtor-com-100-mil-hectares-queimados\/\">Source link <\/a><\/p>\n","protected":false},"excerpt":{"rendered":"<p>A Organiza\u00e7\u00e3o de Associa\u00e7\u00f5es de Produtores de Cana do Brasil (Orplana) estimou, em nota, preju\u00edzo de R$ 800 milh\u00f5es aos<\/p>\n","protected":false},"author":1,"featured_media":1118,"comment_status":"open","ping_status":"open","sticky":false,"template":"","format":"standard","meta":{"_monsterinsights_skip_tracking":false,"_monsterinsights_sitenote_active":false,"_monsterinsights_sitenote_note":"","_monsterinsights_sitenote_category":0,"_uf_show_specific_survey":0,"_uf_disable_surveys":false,"footnotes":""},"categories":[1],"tags":[],"class_list":["post-1117","post","type-post","status-publish","format-standard","has-post-thumbnail","hentry","category-news"],"_links":{"self":[{"href":"https:\/\/agromt.news\/index.php?rest_route=\/wp\/v2\/posts\/1117"}],"collection":[{"href":"https:\/\/agromt.news\/index.php?rest_route=\/wp\/v2\/posts"}],"about":[{"href":"https:\/\/agromt.news\/index.php?rest_route=\/wp\/v2\/types\/post"}],"author":[{"embeddable":true,"href":"https:\/\/agromt.news\/index.php?rest_route=\/wp\/v2\/users\/1"}],"replies":[{"embeddable":true,"href":"https:\/\/agromt.news\/index.php?rest_route=%2Fwp%2Fv2%2Fcomments&post=1117"}],"version-history":[{"count":0,"href":"https:\/\/agromt.news\/index.php?rest_route=\/wp\/v2\/posts\/1117\/revisions"}],"wp:featuredmedia":[{"embeddable":true,"href":"https:\/\/agromt.news\/index.php?rest_route=\/wp\/v2\/media\/1118"}],"wp:attachment":[{"href":"https:\/\/agromt.news\/index.php?rest_route=%2Fwp%2Fv2%2Fmedia&parent=1117"}],"wp:term":[{"taxonomy":"category","embeddable":true,"href":"https:\/\/agromt.news\/index.php?rest_route=%2Fwp%2Fv2%2Fcategories&post=1117"},{"taxonomy":"post_tag","embeddable":true,"href":"https:\/\/agromt.news\/index.php?rest_route=%2Fwp%2Fv2%2Ftags&post=1117"}],"curies":[{"name":"wp","href":"https:\/\/api.w.org\/{rel}","templated":true}]}}