{"id":1115,"date":"2024-09-06T08:16:41","date_gmt":"2024-09-06T12:16:41","guid":{"rendered":"https:\/\/agromt.news\/?p=1115"},"modified":"2024-09-06T08:16:41","modified_gmt":"2024-09-06T12:16:41","slug":"canal-rural-lanca-calcando-a-botina-com-foco-em-aproximar-jovens-do-agronegocio","status":"publish","type":"post","link":"https:\/\/agromt.news\/?p=1115","title":{"rendered":"Canal Rural lan\u00e7a &#8220;Cal\u00e7ando a Botina&#8221; com foco em aproximar jovens do agroneg\u00f3cio"},"content":{"rendered":"<p> <br \/>\n<br \/><img decoding=\"async\" src=\"https:\/\/agromt.news\/wp-content\/uploads\/2024\/09\/Canal-Rural-lanca-Calcando-a-Botina-com-foco-em-aproximar.jpg\" \/><\/p>\n<div>\n<p>Nesta sexta-feira (6), o Canal Rural estreia o novo quadro \u201c<strong>Cal\u00e7ando a Botina<\/strong>\u201d no programa <strong><a href=\"https:\/\/www.canalrural.com.br\/programas\/rural-noticias\/\">Rural Not\u00edcias<\/a><\/strong>, \u00e0s 18h45, com uma proposta inovadora: conectar o p\u00fablico jovem, tanto do meio urbano quanto rural, ao universo do agroneg\u00f3cio. Criado e apresentado por <strong>Lu\u00edza Cardoso<\/strong>, jornalista e editora executiva do Canal Rural, o projeto visa desmistificar e simplificar temas ligados ao agro, oferecendo conte\u00fado de f\u00e1cil compreens\u00e3o e din\u00e2mico.<\/p>\n<p><em>Confira na palma da m\u00e3o informa\u00e7\u00f5es quentes sobre agricultura, pecu\u00e1ria, economia e previs\u00e3o do tempo:<\/em><a href=\"https:\/\/www.whatsapp.com\/channel\/0029Va9VnZxGk1FplZjiW43k\"><em> <\/em><strong>siga o Canal Rural no WhatsApp<\/strong><\/a>!<\/p>\n<p>A ideia do quadro nasceu da experi\u00eancia pessoal de Lu\u00edza, que, apesar de ter familiares no interior, n\u00e3o tinha contato direto com o agroneg\u00f3cio antes de ingressar no jornalismo especializado. \u201c<em>Eu demorei um tempo para entender a linguagem dos produtores e analistas de mercado. Foi um desafio, e sei que muitos jovens, assim como eu, n\u00e3o t\u00eam no\u00e7\u00e3o da import\u00e2ncia do setor. O objetivo do \u2018Cal\u00e7ando a Botina\u2019 \u00e9 justamente apresentar o agro de forma simples e acess\u00edvel, sem fechar os olhos para os desafios que o setor enfrenta<\/em>\u201c, explica Lu\u00edza.<\/p>\n<\/div>\n<div>\n<h3 class=\"wp-block-heading\" id=\"h-formatos-e-conteudos-multiplataforma\"><strong>Formatos e conte\u00fados multiplataforma<\/strong><\/h3>\n<p>O \u201cCal\u00e7ando a Botina\u201d ser\u00e1 veiculado em tr\u00eas formatos diferentes para alcan\u00e7ar um p\u00fablico amplo:<\/p>\n<ol class=\"wp-block-list\">\n<li><strong>V\u00eddeos curtos e din\u00e2micos para Instagram e TikTok<\/strong>: voltados para engajar o p\u00fablico jovem nas redes sociais, com uma linguagem mais descontra\u00edda e moderna.<\/li>\n<li><strong>V\u00eddeos para o programa Rural Not\u00edcias<\/strong>: transmitidos na TV, os epis\u00f3dios ter\u00e3o uma abordagem mais formal, mas ainda acess\u00edvel.<\/li>\n<li><strong>Vers\u00e3o estendida para o YouTube<\/strong>: com conte\u00fado mais aprofundado e detalhado para aqueles que desejam aprender mais sobre o agroneg\u00f3cio.<\/li>\n<\/ol>\n<p>A cada m\u00eas, um novo epis\u00f3dio ser\u00e1 lan\u00e7ado, e <strong>o primeiro tema abordado ser\u00e1 o cultivo do mirtilo<\/strong>. Al\u00e9m do conte\u00fado central, v\u00eddeos adicionais, como intera\u00e7\u00f5es com o p\u00fablico nas ruas, ser\u00e3o postados nas redes sociais para estimular ainda mais o engajamento.<\/p>\n<h3 class=\"wp-block-heading\" id=\"h-futuro-promissor-e-mais-visibilidade-para-o-agro\"><strong>Futuro promissor e mais visibilidade para o agro<\/strong><\/h3>\n<p>Com a crescente demanda por conte\u00fado informativo e de qualidade sobre o agroneg\u00f3cio, o \u201cCal\u00e7ando a Botina\u201d surge como uma ferramenta de educa\u00e7\u00e3o e conscientiza\u00e7\u00e3o. Al\u00e9m de atrair a aten\u00e7\u00e3o dos jovens urbanos, o quadro tamb\u00e9m pretende destacar pr\u00e1ticas sustent\u00e1veis dentro do setor.<\/p>\n<p>Para Lu\u00edza, o \u201cCal\u00e7ando a Botina\u201d \u00e9 uma oportunidade de mostrar que o agro n\u00e3o \u00e9 apenas uma pot\u00eancia econ\u00f4mica, mas tamb\u00e9m um setor onde sustentabilidade e inova\u00e7\u00e3o caminham juntas. \u201c<em>Quero alcan\u00e7ar jovens que, como eu, nunca deram muita aten\u00e7\u00e3o ao agro, mas que agora podem entender o impacto positivo do setor na nossa economia e na sustentabilidade<\/em>\u201c, finaliza.<\/p>\n<\/div>\n<p><br \/>\n<br \/><a href=\"https:\/\/www.canalrural.com.br\/agricultura\/canal-rural-lanca-calcando-a-botina-com-foco-em-aproximar-jovens-do-agronegocio\/\">Source link <\/a><\/p>\n","protected":false},"excerpt":{"rendered":"<p>Nesta sexta-feira (6), o Canal Rural estreia o novo quadro \u201cCal\u00e7ando a Botina\u201d no programa Rural Not\u00edcias, \u00e0s 18h45, com<\/p>\n","protected":false},"author":1,"featured_media":1116,"comment_status":"open","ping_status":"open","sticky":false,"template":"","format":"standard","meta":{"_monsterinsights_skip_tracking":false,"_monsterinsights_sitenote_active":false,"_monsterinsights_sitenote_note":"","_monsterinsights_sitenote_category":0,"_uf_show_specific_survey":0,"_uf_disable_surveys":false,"footnotes":""},"categories":[1],"tags":[],"class_list":["post-1115","post","type-post","status-publish","format-standard","has-post-thumbnail","hentry","category-news"],"_links":{"self":[{"href":"https:\/\/agromt.news\/index.php?rest_route=\/wp\/v2\/posts\/1115"}],"collection":[{"href":"https:\/\/agromt.news\/index.php?rest_route=\/wp\/v2\/posts"}],"about":[{"href":"https:\/\/agromt.news\/index.php?rest_route=\/wp\/v2\/types\/post"}],"author":[{"embeddable":true,"href":"https:\/\/agromt.news\/index.php?rest_route=\/wp\/v2\/users\/1"}],"replies":[{"embeddable":true,"href":"https:\/\/agromt.news\/index.php?rest_route=%2Fwp%2Fv2%2Fcomments&post=1115"}],"version-history":[{"count":0,"href":"https:\/\/agromt.news\/index.php?rest_route=\/wp\/v2\/posts\/1115\/revisions"}],"wp:featuredmedia":[{"embeddable":true,"href":"https:\/\/agromt.news\/index.php?rest_route=\/wp\/v2\/media\/1116"}],"wp:attachment":[{"href":"https:\/\/agromt.news\/index.php?rest_route=%2Fwp%2Fv2%2Fmedia&parent=1115"}],"wp:term":[{"taxonomy":"category","embeddable":true,"href":"https:\/\/agromt.news\/index.php?rest_route=%2Fwp%2Fv2%2Fcategories&post=1115"},{"taxonomy":"post_tag","embeddable":true,"href":"https:\/\/agromt.news\/index.php?rest_route=%2Fwp%2Fv2%2Ftags&post=1115"}],"curies":[{"name":"wp","href":"https:\/\/api.w.org\/{rel}","templated":true}]}}