{"id":1110,"date":"2024-09-06T06:09:27","date_gmt":"2024-09-06T10:09:27","guid":{"rendered":"https:\/\/agromt.news\/?p=1110"},"modified":"2024-09-06T06:09:27","modified_gmt":"2024-09-06T10:09:27","slug":"fogo-na-floresta-nacional-de-brasilia-foi-criminoso","status":"publish","type":"post","link":"https:\/\/agromt.news\/?p=1110","title":{"rendered":"Fogo na Floresta Nacional de Bras\u00edlia foi criminoso?"},"content":{"rendered":"<p> <br \/>\n<\/p>\n<div>\n<div class=\"row\">\n<div class=\"col-lg col-infos mt-3 mt-lg-0\">\n<div class=\"section-sub-title\">\n<p itemprop=\"description\">\nTr\u00eas homens foram avistados na \u00e1rea no momento em que os focos come\u00e7aram\n<\/p>\n<\/div>\n<div class=\"container\">\n<div class=\"row\">\n<div class=\"col-lg p-0\">\n<div>\n<div class=\"block-news-main-infos mt-3 text-start\">\n<strong class=\"fn\" itemprop=\"author\" style=\"color: rgb(112, 112, 112); \"><br \/>\n<a href=\"https:\/\/www.agrolink.com.br\/noticias\/javascript:;\" class=\"text-uppercase\" target=\"_blank\" style=\"color: rgb(112, 112, 112); \" rel=\"noopener\">Agrolink<\/a><br \/>\n&#8211; Aline Merladete<br \/>\n<\/strong><br \/>\n<br \/>\n<abbr><time datetime=\"2024-09-06T05:14\" itemprop=\"datePublished dateModified\">Publicado em 06\/09\/2024 \u00e0s 05:14h.<\/time><\/abbr>\n<\/div>\n<\/div>\n<\/div>\n<div class=\"col-lg p-0 text-lg-end\">\n<div>\n<div id=\"mdEnviarPagina\" class=\"modal fade\" role=\"dialog\">\n<div class=\"modal-dialog\">\n<div class=\"modal-content\">\n<div class=\"modal-body\">\n<p><strong>Estimado usu\u00e1rio.<\/strong><br \/>Preencha o formul\u00e1rio abaixo para remeter a p\u00e1gina.<\/p>\n<\/div>\n<\/div>\n<\/div>\n<\/div>\n<\/div>\n<\/div>\n<\/div>\n<\/div>\n<\/div>\n<\/div>\n<div class=\"row justify-content-md-center mt-3\">\n<div class=\"col-lg-auto col-image  block-news-main-image d-none d-md-block\">\n<img decoding=\"async\" src=\"https:\/\/www.agrolink.com.br\/upload\/imagens-resizes\/4027918d54354687b2efd22bb874b24a_858x483.jpg\" class=\"lazyload\"\/><br \/>\n<span class=\"publicity-photo d-block mt-1\">Foto: Marcelo Camargo\/Ag\u00eancia Brasil<\/span>\n<\/div>\n<\/div>\n<div class=\"section-description section-description-noticias mt-3\">\n<p style=\"text-align:justify\">O inc\u00eandio que atingiu a Floresta Nacional de Bras\u00edlia (Flona) desde a manh\u00e3 de ter\u00e7a-feira (3) pode ter sido criminoso, segundo informa\u00e7\u00f5es divulgadas pela Ag\u00eancia Brasil. As autoridades do Instituto Chico Mendes de Conserva\u00e7\u00e3o da Biodiversidade (ICMBio) suspeitam que o fogo tenha sido intencional. De acordo com F\u00e1bio Miranda, chefe da Flona, tr\u00eas homens foram avistados na \u00e1rea no momento em que os focos come\u00e7aram.\n<\/p>\n<p style=\"text-align:justify\">\u201cTivemos tr\u00eas suspeitos avistados no exato momento em que os focos apareceram. Eles n\u00e3o eram visitantes comuns, n\u00e3o estavam com trajes esportivos, e os focos surgiram em locais distantes, o que afasta a possibilidade de um inc\u00eandio que se espalhou naturalmente\u201d, explicou Miranda.\n<\/p>\n<p style=\"text-align:justify\">Ele tamb\u00e9m ressaltou que as caracter\u00edsticas do inc\u00eandio n\u00e3o correspondem a ocorr\u00eancias acidentais, como queimadas de manejo que fogem do controle. \u201cHouve v\u00e1rios focos simult\u00e2neos, o que n\u00e3o \u00e9 comum em inc\u00eandios acidentais. Isso refor\u00e7a nossa suspeita de que o inc\u00eandio tenha sido criminoso\u201d, afirmou. At\u00e9 agora, cerca de um ter\u00e7o da unidade de conserva\u00e7\u00e3o, equivalente a 1,2 mil hectares, j\u00e1 foi destru\u00eddo.\n<\/p>\n<p style=\"text-align:justify\">Segundo Miranda, as evid\u00eancias apontam para um ato intencional. &#8220;Nossa principal suspeita \u00e9 de que o inc\u00eandio foi criminoso, pois teve in\u00edcio dentro da unidade de conserva\u00e7\u00e3o. Acreditamos que foi provocado de forma deliberada.&#8221;<\/p>\n<\/div>\n<\/div>\n<p><script data-cfasync=\"false\">\n    !function (f, b, e, v, n, t, s) {\n        if (f.fbq) return; n = f.fbq = function () {\n            n.callMethod ?\n                n.callMethod.apply(n, arguments) : n.queue.push(arguments)\n        };\n        if (!f._fbq) f._fbq = n; n.push = n; n.loaded = !0; n.version = '2.0';\n        n.queue = []; t = b.createElement(e); t.async = !0;\n        t.src = v; s = b.getElementsByTagName(e)[0];\n        s.parentNode.insertBefore(t, s)\n    }(window, document, 'script',\n        'https:\/\/connect.facebook.net\/en_US\/fbevents.js');\n    fbq('init', '522546078623747');\n    fbq('track', 'PageView');\n<\/script><br \/>\n<br \/><br \/>\n<br \/><a href=\"https:\/\/www.agrolink.com.br\/noticias\/fogo-na-floresta-nacional-de-brasilia-foi-criminoso-_494702.html\">Source link <\/a><\/p>\n","protected":false},"excerpt":{"rendered":"<p>Tr\u00eas homens foram avistados na \u00e1rea no momento em que os focos come\u00e7aram Agrolink &#8211; Aline Merladete Publicado em 06\/09\/2024<\/p>\n","protected":false},"author":1,"featured_media":1111,"comment_status":"open","ping_status":"open","sticky":false,"template":"","format":"standard","meta":{"_monsterinsights_skip_tracking":false,"_monsterinsights_sitenote_active":false,"_monsterinsights_sitenote_note":"","_monsterinsights_sitenote_category":0,"_uf_show_specific_survey":0,"_uf_disable_surveys":false,"footnotes":""},"categories":[8,1,14],"tags":[],"class_list":["post-1110","post","type-post","status-publish","format-standard","has-post-thumbnail","hentry","category-agro","category-news","category-politica-agro"],"_links":{"self":[{"href":"https:\/\/agromt.news\/index.php?rest_route=\/wp\/v2\/posts\/1110"}],"collection":[{"href":"https:\/\/agromt.news\/index.php?rest_route=\/wp\/v2\/posts"}],"about":[{"href":"https:\/\/agromt.news\/index.php?rest_route=\/wp\/v2\/types\/post"}],"author":[{"embeddable":true,"href":"https:\/\/agromt.news\/index.php?rest_route=\/wp\/v2\/users\/1"}],"replies":[{"embeddable":true,"href":"https:\/\/agromt.news\/index.php?rest_route=%2Fwp%2Fv2%2Fcomments&post=1110"}],"version-history":[{"count":0,"href":"https:\/\/agromt.news\/index.php?rest_route=\/wp\/v2\/posts\/1110\/revisions"}],"wp:featuredmedia":[{"embeddable":true,"href":"https:\/\/agromt.news\/index.php?rest_route=\/wp\/v2\/media\/1111"}],"wp:attachment":[{"href":"https:\/\/agromt.news\/index.php?rest_route=%2Fwp%2Fv2%2Fmedia&parent=1110"}],"wp:term":[{"taxonomy":"category","embeddable":true,"href":"https:\/\/agromt.news\/index.php?rest_route=%2Fwp%2Fv2%2Fcategories&post=1110"},{"taxonomy":"post_tag","embeddable":true,"href":"https:\/\/agromt.news\/index.php?rest_route=%2Fwp%2Fv2%2Ftags&post=1110"}],"curies":[{"name":"wp","href":"https:\/\/api.w.org\/{rel}","templated":true}]}}