{"id":1108,"date":"2024-09-06T02:05:12","date_gmt":"2024-09-06T06:05:12","guid":{"rendered":"https:\/\/agromt.news\/?p=1108"},"modified":"2024-09-06T02:05:12","modified_gmt":"2024-09-06T06:05:12","slug":"producao-interna-e-importacoes-elevadas-afetam-o-mercado","status":"publish","type":"post","link":"https:\/\/agromt.news\/?p=1108","title":{"rendered":"produ\u00e7\u00e3o interna e importa\u00e7\u00f5es elevadas afetam o mercado"},"content":{"rendered":"<p> <br \/>\n<\/p>\n<div>\n<p style=\"text-align:justify\">Os pre\u00e7os do <a href=\"https:\/\/www.agrolink.com.br\/cotacoes\/carnes\/bovinos\/?utm_source=agrolink-detalhe-noticia&amp;utm_medium=detalhe-noticia&amp;utm_campaign=links-internos\" target=\"_blank\" rel=\"noopener\">leite<\/a> no Brasil registraram uma queda de 1,5% em termos reais em julho, interrompendo uma tend\u00eancia de alta que se estendia desde novembro de 2023. De acordo com o Cepea (Centro de Estudos Avan\u00e7ados em Economia Aplicada), da Esalq\/USP, a m\u00e9dia nacional caiu para R$ 2,7225 por litro. Apesar da redu\u00e7\u00e3o, o valor ainda \u00e9 7,9% superior ao de julho de 2023, ajustado pelo IPCA de julho\/24. Embora o pre\u00e7o pago aos produtores tenha subido 30,1% desde o in\u00edcio do ano, a m\u00e9dia de R$ 2,50 por litro acumulada de janeiro a julho \u00e9 11,5% inferior \u00e0 do mesmo per\u00edodo do ano passado.\n<\/p>\n<p style=\"text-align:justify\">A diminui\u00e7\u00e3o nos pre\u00e7os \u00e9 atribu\u00edda ao aumento da oferta interna de leite. O \u00cdndice de Capta\u00e7\u00e3o Leiteira (ICAP-L) do Cepea subiu 4,6% em julho, com todas as regi\u00f5es registrando incremento na produ\u00e7\u00e3o. Os maiores aumentos ocorreram em Minas Gerais (8%), Rio Grande do Sul (4,7%) e Santa Catarina (4,1%). Essa recupera\u00e7\u00e3o na produ\u00e7\u00e3o \u00e9 resultado dos investimentos em nutri\u00e7\u00e3o dos rebanhos, que, apesar de elevar o Custo Operacional Efetivo (COE) em 0,62% no m\u00eas, contribuiu para uma eleva\u00e7\u00e3o de 3,93% na margem bruta do produtor, que subiu para 85 centavos por litro na m\u00e9dia nacional.\n<\/p>\n<p style=\"text-align:justify\">Al\u00e9m da produ\u00e7\u00e3o interna crescente, as importa\u00e7\u00f5es de l\u00e1cteos continuam a pressionar o mercado. Em junho, as compras externas de leite aumentaram 37,4%, totalizando 251,1 milh\u00f5es de litros em equivalente leite, superando em 35,3% as importa\u00e7\u00f5es do mesmo m\u00eas do ano passado. As ind\u00fastrias de latic\u00ednios enfrentam dificuldades em manter margens de lucro, com o leite UHT, a mu\u00e7arela e o leite em p\u00f3 fracionado apresentando desvaloriza\u00e7\u00f5es de 5,68%, 2,03% e 0,25%, respectivamente, em julho. Esse cen\u00e1rio sugere uma poss\u00edvel continua\u00e7\u00e3o do recuo nos pre\u00e7os do leite cru no terceiro trimestre.\n<\/p>\n<\/div>\n<p><script data-cfasync=\"false\">\n    !function (f, b, e, v, n, t, s) {\n        if (f.fbq) return; n = f.fbq = function () {\n            n.callMethod ?\n                n.callMethod.apply(n, arguments) : n.queue.push(arguments)\n        };\n        if (!f._fbq) f._fbq = n; n.push = n; n.loaded = !0; n.version = '2.0';\n        n.queue = []; t = b.createElement(e); t.async = !0;\n        t.src = v; s = b.getElementsByTagName(e)[0];\n        s.parentNode.insertBefore(t, s)\n    }(window, document, 'script',\n        'https:\/\/connect.facebook.net\/en_US\/fbevents.js');\n    fbq('init', '522546078623747');\n    fbq('track', 'PageView');\n<\/script><br \/>\n<br \/><br \/>\n<br \/><a href=\"https:\/\/www.agrolink.com.br\/noticias\/leite--producao-interna-e-importacoes-elevadas-afetam-o-mercado_494555.html\">Source link <\/a><\/p>\n","protected":false},"excerpt":{"rendered":"<p>Os pre\u00e7os do leite no Brasil registraram uma queda de 1,5% em termos reais em julho, interrompendo uma tend\u00eancia de<\/p>\n","protected":false},"author":1,"featured_media":1109,"comment_status":"open","ping_status":"open","sticky":false,"template":"","format":"standard","meta":{"_monsterinsights_skip_tracking":false,"_monsterinsights_sitenote_active":false,"_monsterinsights_sitenote_note":"","_monsterinsights_sitenote_category":0,"_uf_show_specific_survey":0,"_uf_disable_surveys":false,"footnotes":""},"categories":[8,1,14],"tags":[],"class_list":["post-1108","post","type-post","status-publish","format-standard","has-post-thumbnail","hentry","category-agro","category-news","category-politica-agro"],"_links":{"self":[{"href":"https:\/\/agromt.news\/index.php?rest_route=\/wp\/v2\/posts\/1108"}],"collection":[{"href":"https:\/\/agromt.news\/index.php?rest_route=\/wp\/v2\/posts"}],"about":[{"href":"https:\/\/agromt.news\/index.php?rest_route=\/wp\/v2\/types\/post"}],"author":[{"embeddable":true,"href":"https:\/\/agromt.news\/index.php?rest_route=\/wp\/v2\/users\/1"}],"replies":[{"embeddable":true,"href":"https:\/\/agromt.news\/index.php?rest_route=%2Fwp%2Fv2%2Fcomments&post=1108"}],"version-history":[{"count":0,"href":"https:\/\/agromt.news\/index.php?rest_route=\/wp\/v2\/posts\/1108\/revisions"}],"wp:featuredmedia":[{"embeddable":true,"href":"https:\/\/agromt.news\/index.php?rest_route=\/wp\/v2\/media\/1109"}],"wp:attachment":[{"href":"https:\/\/agromt.news\/index.php?rest_route=%2Fwp%2Fv2%2Fmedia&parent=1108"}],"wp:term":[{"taxonomy":"category","embeddable":true,"href":"https:\/\/agromt.news\/index.php?rest_route=%2Fwp%2Fv2%2Fcategories&post=1108"},{"taxonomy":"post_tag","embeddable":true,"href":"https:\/\/agromt.news\/index.php?rest_route=%2Fwp%2Fv2%2Ftags&post=1108"}],"curies":[{"name":"wp","href":"https:\/\/api.w.org\/{rel}","templated":true}]}}