{"id":1104,"date":"2024-09-06T00:08:52","date_gmt":"2024-09-06T04:08:52","guid":{"rendered":"https:\/\/agromt.news\/?p=1104"},"modified":"2024-09-06T00:08:52","modified_gmt":"2024-09-06T04:08:52","slug":"espero-que-o-ministro-favaro-honre-com-a-palavra-diz-secretario-de-agricultura-de-sp","status":"publish","type":"post","link":"https:\/\/agromt.news\/?p=1104","title":{"rendered":"&#8216;Espero que o ministro F\u00e1varo honre com a palavra&#8217;, diz secret\u00e1rio de Agricultura de SP"},"content":{"rendered":"<p> <br \/>\n<br \/><img decoding=\"async\" src=\"https:\/\/agromt.news\/wp-content\/uploads\/2024\/09\/Espero-que-o-ministro-Favaro-honre-com-a-palavra-diz.jpg\" \/><\/p>\n<div>\n<p>S\u00e3o Paulo \u00e9 um dos estados mais atingidos pelos focos de inc\u00eandio que acometem o pa\u00eds. De acordo com o secret\u00e1rio da <a href=\"https:\/\/www.agricultura.sp.gov.br\/\"><strong>Secretaria de Agricultura do estado<\/strong><\/a>, Guilherme Piai, o preju\u00edzo para o agroneg\u00f3cio j\u00e1 atinge a marca de R$ 2 bilh\u00f5es.<\/p>\n<figure class=\"wp-block-embed is-type-video is-provider-youtube wp-block-embed-youtube wp-embed-aspect-16-9 wp-has-aspect-ratio\">\n<p>\n<iframe title=\"Queimadas em SP | Preju\u00edzos chegam a R$ 2 bilh\u00f5es para o agroneg\u00f3cio\" width=\"800\" height=\"450\" src=\"https:\/\/www.youtube.com\/embed\/qP3T2b9Th3o?feature=oembed\" frameborder=\"0\" allow=\"accelerometer; autoplay; clipboard-write; encrypted-media; gyroscope; picture-in-picture; web-share\" referrerpolicy=\"strict-origin-when-cross-origin\" allowfullscreen><\/iframe><noscript><iframe title=\"Queimadas em SP | Preju\u00edzos chegam a R$ 2 bilh\u00f5es para o agroneg\u00f3cio\" width=\"800\" height=\"450\" src=\"https:\/\/www.youtube.com\/embed\/qP3T2b9Th3o?feature=oembed\" frameborder=\"0\" allow=\"accelerometer; autoplay; clipboard-write; encrypted-media; gyroscope; picture-in-picture; web-share\" referrerpolicy=\"strict-origin-when-cross-origin\" allowfullscreen><\/iframe><\/noscript>\n<\/p>\n<\/figure>\n<p>Segundo ele, esse n\u00famero se refere \u00e0s lavouras que precisar\u00e3o de replantio e tamb\u00e9m \u00e0s perdas de casas, maquin\u00e1rios, equipamentos, rebanhos e de recomposi\u00e7\u00e3o de solo. \u201c\u00c9 apenas um n\u00famero pr\u00e9vio que ainda deve aumentar\u201d. <\/p>\n<\/div>\n<div>\n<p>O secret\u00e1rio refor\u00e7a que j\u00e1 foram levantadas mais de oito mil propriedades atingidas pelo fogo em 317 munic\u00edpios paulistas gra\u00e7as ao uso de imagens de sat\u00e9lite, sensores t\u00e9rmicos e cruzamento de dados com o sistema do Cadastro Ambiental Rural (CAR). <\/p>\n<p>\u201cS\u00e3o 48 munic\u00edpios em estado de emerg\u00eancia e 482 mil hectares de terra, sendo que somente no setor sucroenerg\u00e9tico s\u00e3o 240 mil hectares [atingidos]\u201d.<\/p>\n<h2 class=\"wp-block-heading\" id=\"h-secretario-mapa-precisa-cumprir-promessa\">Secret\u00e1rio: \u2018Mapa precisa cumprir promessa\u2019<\/h2>\n<p>O secret\u00e1rio destacou que o ministro Carlos F\u00e1varo, do Mapa, fez a promessa de lan\u00e7ar uma linha de cr\u00e9dito subsidiado ao estado de S\u00e3o Paulo, semelhante ao ofertado ao <strong><a href=\"https:\/\/www.canalrural.com.br\/nacional\/rio-grande-do-sul\/\">Rio Grande do Sul<\/a><\/strong>, mas ainda n\u00e3o concretizou. <\/p>\n<p>\u201cJ\u00e1 fiz o of\u00edcio, assinei e, at\u00e9 agora, n\u00e3o chegou nada. Espero muito que o ministro honre o compromisso, honre a palavra porque o agro de S\u00e3o Paulo \u00e9 o mais exportador do Brasil, empatado com Mato Grosso. Ent\u00e3o o agro brasileiro depende do agro de S\u00e3o Paulo\u201d. <\/p>\n<h2 class=\"wp-block-heading\" id=\"h-produtor-deve-reportar-o-problema\">Produtor deve reportar o problema<\/h2>\n<p>Piai ressalta que todos os homens e todas as mulheres do campo de S\u00e3o Paulo que tiveram as suas propriedades afetadas devem procurar a Casa de Agricultura e entrar no site da Secretaria para comunicar o problema.<\/p>\n<p>\u201cSe comuniquem com a gente para preencher um termo circunstanciado emergencial, que \u00e9 essencial para se conseguir cr\u00e9dito com juro zero e com car\u00eancia para pagar. Assim, se consegue uma nova moradia e proprociona seguran\u00e7a jur\u00eddica para comprovar que o produtor foi v\u00edtima de inc\u00eandios criminosos [\u2026]. Porque o agroneg\u00f3cio de S\u00e3o Paulo foi v\u00edtima do que est\u00e1 acontecendo e \u00e9 o setor mais afetado\u201d.<\/p>\n<p>Piai lembra que as chamas n\u00e3o discrimiram o porte do produtor rural, atingindo fazendas de pequenos, m\u00e9dios e grandes. <\/p>\n<\/div>\n<p><br \/>\n<br \/><a href=\"https:\/\/www.canalrural.com.br\/agricultura\/espero-que-o-ministro-honre-com-a-palavra-diz-secretario-de-agricultura-de-sp\/\">Source link <\/a><\/p>\n","protected":false},"excerpt":{"rendered":"<p>S\u00e3o Paulo \u00e9 um dos estados mais atingidos pelos focos de inc\u00eandio que acometem o pa\u00eds. De acordo com o<\/p>\n","protected":false},"author":1,"featured_media":1105,"comment_status":"open","ping_status":"open","sticky":false,"template":"","format":"standard","meta":{"_monsterinsights_skip_tracking":false,"_monsterinsights_sitenote_active":false,"_monsterinsights_sitenote_note":"","_monsterinsights_sitenote_category":0,"_uf_show_specific_survey":0,"_uf_disable_surveys":false,"footnotes":""},"categories":[1],"tags":[],"class_list":["post-1104","post","type-post","status-publish","format-standard","has-post-thumbnail","hentry","category-news"],"_links":{"self":[{"href":"https:\/\/agromt.news\/index.php?rest_route=\/wp\/v2\/posts\/1104"}],"collection":[{"href":"https:\/\/agromt.news\/index.php?rest_route=\/wp\/v2\/posts"}],"about":[{"href":"https:\/\/agromt.news\/index.php?rest_route=\/wp\/v2\/types\/post"}],"author":[{"embeddable":true,"href":"https:\/\/agromt.news\/index.php?rest_route=\/wp\/v2\/users\/1"}],"replies":[{"embeddable":true,"href":"https:\/\/agromt.news\/index.php?rest_route=%2Fwp%2Fv2%2Fcomments&post=1104"}],"version-history":[{"count":0,"href":"https:\/\/agromt.news\/index.php?rest_route=\/wp\/v2\/posts\/1104\/revisions"}],"wp:featuredmedia":[{"embeddable":true,"href":"https:\/\/agromt.news\/index.php?rest_route=\/wp\/v2\/media\/1105"}],"wp:attachment":[{"href":"https:\/\/agromt.news\/index.php?rest_route=%2Fwp%2Fv2%2Fmedia&parent=1104"}],"wp:term":[{"taxonomy":"category","embeddable":true,"href":"https:\/\/agromt.news\/index.php?rest_route=%2Fwp%2Fv2%2Fcategories&post=1104"},{"taxonomy":"post_tag","embeddable":true,"href":"https:\/\/agromt.news\/index.php?rest_route=%2Fwp%2Fv2%2Ftags&post=1104"}],"curies":[{"name":"wp","href":"https:\/\/api.w.org\/{rel}","templated":true}]}}