{"id":1098,"date":"2024-09-05T23:38:19","date_gmt":"2024-09-06T03:38:19","guid":{"rendered":"https:\/\/agromt.news\/?p=1098"},"modified":"2024-09-05T23:38:19","modified_gmt":"2024-09-06T03:38:19","slug":"custo-da-cesta-basica-recua-em-17-capitais-pelo-2o-mes-consecutivo","status":"publish","type":"post","link":"https:\/\/agromt.news\/?p=1098","title":{"rendered":"Custo da cesta b\u00e1sica recua em 17 capitais pelo 2\u00ba m\u00eas consecutivo"},"content":{"rendered":"<p> <br \/>\n<\/p>\n<div>\n<p>O custo da cesta b\u00e1sica reduziu em 17 capitais analisadas pela Pesquisa Nacional da Cesta B\u00e1sica de Alimentos em agosto deste ano. <\/p>\n<p>O levantamento \u00e9 do Departamento Intersindical de Estat\u00edstica e Estudos Socioecon\u00f4micos <strong><a href=\"https:\/\/www.dieese.org.br\/\">(Dieese)<\/a><\/strong>. As principais quedas foram registradas em:<\/p>\n<\/div>\n<div>\n<p>Na compara\u00e7\u00e3o com agosto de 2023, houve aumento no valor do conjunto dos alimentos b\u00e1sicos em nove cidades, sendo as maiores altas em S\u00e3o Paulo (5,06%), Goi\u00e2nia (4,11%), Bel\u00e9m (3,88%) e Vit\u00f3ria (3,53%). <\/p>\n<p>Por outro lado, dentre as oito localidades com registro de queda, as mais significativas ocorreram em Recife (-8,20%) e Aracaju (-4,84%).<\/p>\n<h2 class=\"wp-block-heading\" id=\"h-acumulado-do-ano\">Acumulado do ano<\/h2>\n<p>Nos oito primeiros meses deste ano, a maior varia\u00e7\u00e3o tamb\u00e9m ocorreu em S\u00e3o Paulo, em que a alta foi de 3,33%, seguido da capital paraense, Bel\u00e9m (3,02%). <\/p>\n<p>Na mesma base de compara\u00e7\u00e3o, os recuos no custo da cesta b\u00e1sica ocorreram em 11 capitais, com varia\u00e7\u00e3o entre -3,66%, em Bras\u00edlia, e -0,02%, em Curitiba e Salvador.<\/p>\n<h2 class=\"wp-block-heading\" id=\"h-precos-da-cesta-basica\">Pre\u00e7os da cesta b\u00e1sica<\/h2>\n<p>No que diz respeito ao pre\u00e7o da cesta b\u00e1sica, a capital paulista foi a cidade com maior valor registrado (R$ 786,35). Em seguida est\u00e3o:<\/p>\n<ul class=\"wp-block-list\">\n<li>Florian\u00f3polis (R$ 756,31);<\/li>\n<\/ul>\n<ul class=\"wp-block-list\">\n<li>Rio de Janeiro (R$ 745,64); e <\/li>\n<\/ul>\n<p>O Norte e Nordeste do Pa\u00eds, onde h\u00e1 uma composi\u00e7\u00e3o diferente da cesta, apresentaram os menores valores m\u00e9dios em Aracaju (R$ 516,40), Recife (R$ 533,12) e Jo\u00e3o Pessoa (R$ 548,90).<\/p>\n<h2 class=\"wp-block-heading\" id=\"h-salario-minimo-e-tempo\">Sal\u00e1rio m\u00ednimo e tempo<\/h2>\n<figure class=\"wp-block-image size-large\"><img fetchpriority=\"high\" decoding=\"async\" width=\"640\" height=\"360\" alt=\"aux\u00edlio, d\u00edvida, dinheiro, valores esquecidos\" class=\"wp-image-271802\"  data-lazy- src=\"https:\/\/agromt.news\/wp-content\/uploads\/2024\/09\/Custo-da-cesta-basica-recua-em-17-capitais-pelo-2o.jpg\"\/><img decoding=\"async\" width=\"640\" height=\"360\" src=\"https:\/\/agromt.news\/wp-content\/uploads\/2024\/09\/Custo-da-cesta-basica-recua-em-17-capitais-pelo-2o.jpg\" alt=\"aux\u00edlio, d\u00edvida, dinheiro, valores esquecidos\" class=\"wp-image-271802\"  \/><figcaption class=\"wp-element-caption\">Foto: USP<\/figcaption><\/figure>\n<p>A partir do registro da cesta b\u00e1sica na cidade de S\u00e3o Paulo \u2013 a mais custosa em agosto de 2024 -, a Dieese calculou que, no m\u00eas, para o sal\u00e1rio m\u00ednimo suprir as necessidades do trabalhador estabelecidas na Constitui\u00e7\u00e3o, o valor deveria ser de <strong>R$ 6.606,13<\/strong> ou 4,68 vezes o piso m\u00ednimo de R$ 1.412,00.<\/p>\n<p>Em rela\u00e7\u00e3o ao sal\u00e1rio m\u00ednimo l\u00edquido, descontado de 7,5% da Previd\u00eancia Social, o instituto observou que, no mesmo per\u00edodo, o trabalhador remunerado pelo piso nacional comprometeu em m\u00e9dia 50,13% do rendimento para obter o conjunto b\u00e1sico dos alimentos.<\/p>\n<p>O tempo necess\u00e1rio para adquirir os produtos da cesta b\u00e1sica em agosto de 2024 foi de 102 horas e 1 minuto. O valor \u00e9 menor do que em julho do mesmo ano, que chegou a 105 horas e 8 minutos. J\u00e1 em agosto de 2023, o tempo m\u00e9dio para obter os produtos foi de 109 horas e 01 minuto.<\/p>\n<\/div>\n<p><br \/>\n<br \/><a href=\"https:\/\/www.canalrural.com.br\/economia\/custo-da-cesta-basica-recua-em-17-capitais-pelo-2o-mes-consecutivo\/\">Source link <\/a><\/p>\n","protected":false},"excerpt":{"rendered":"<p>O custo da cesta b\u00e1sica reduziu em 17 capitais analisadas pela Pesquisa Nacional da Cesta B\u00e1sica de Alimentos em agosto<\/p>\n","protected":false},"author":1,"featured_media":1099,"comment_status":"open","ping_status":"open","sticky":false,"template":"","format":"standard","meta":{"_monsterinsights_skip_tracking":false,"_monsterinsights_sitenote_active":false,"_monsterinsights_sitenote_note":"","_monsterinsights_sitenote_category":0,"_uf_show_specific_survey":0,"_uf_disable_surveys":false,"footnotes":""},"categories":[1],"tags":[],"class_list":["post-1098","post","type-post","status-publish","format-standard","has-post-thumbnail","hentry","category-news"],"_links":{"self":[{"href":"https:\/\/agromt.news\/index.php?rest_route=\/wp\/v2\/posts\/1098"}],"collection":[{"href":"https:\/\/agromt.news\/index.php?rest_route=\/wp\/v2\/posts"}],"about":[{"href":"https:\/\/agromt.news\/index.php?rest_route=\/wp\/v2\/types\/post"}],"author":[{"embeddable":true,"href":"https:\/\/agromt.news\/index.php?rest_route=\/wp\/v2\/users\/1"}],"replies":[{"embeddable":true,"href":"https:\/\/agromt.news\/index.php?rest_route=%2Fwp%2Fv2%2Fcomments&post=1098"}],"version-history":[{"count":0,"href":"https:\/\/agromt.news\/index.php?rest_route=\/wp\/v2\/posts\/1098\/revisions"}],"wp:featuredmedia":[{"embeddable":true,"href":"https:\/\/agromt.news\/index.php?rest_route=\/wp\/v2\/media\/1099"}],"wp:attachment":[{"href":"https:\/\/agromt.news\/index.php?rest_route=%2Fwp%2Fv2%2Fmedia&parent=1098"}],"wp:term":[{"taxonomy":"category","embeddable":true,"href":"https:\/\/agromt.news\/index.php?rest_route=%2Fwp%2Fv2%2Fcategories&post=1098"},{"taxonomy":"post_tag","embeddable":true,"href":"https:\/\/agromt.news\/index.php?rest_route=%2Fwp%2Fv2%2Ftags&post=1098"}],"curies":[{"name":"wp","href":"https:\/\/api.w.org\/{rel}","templated":true}]}}