{"id":1097,"date":"2024-09-05T23:24:17","date_gmt":"2024-09-06T03:24:17","guid":{"rendered":"https:\/\/agromt.news\/?p=1097"},"modified":"2024-09-05T23:24:17","modified_gmt":"2024-09-06T03:24:17","slug":"produtores-enfrentam-desafios-no-inicio-da-safra-da-soja","status":"publish","type":"post","link":"https:\/\/agromt.news\/?p=1097","title":{"rendered":"Produtores enfrentam desafios no in\u00edcio da safra da soja"},"content":{"rendered":"<p> <br \/>\n<br \/><img decoding=\"async\" src=\"https:\/\/agromt.news\/wp-content\/uploads\/2024\/08\/Chicago-realiza-lucros-apos-subir-por-tres-sessoes-Safra-deve.jpg\" \/><\/p>\n<div>\n<p>O in\u00edcio da safra da soja 2024\/25 no Brasil acumula incertezas. No Mato Grosso, por exemplo, produtores expressam preocupa\u00e7\u00e3o com o impacto das altas temperaturas, focos de inc\u00eandio e a falta de umidade, condi\u00e7\u00f5es que amea\u00e7am o bom desenvolvimento das lavouras. Esse cen\u00e1rio traz um risco para a produ\u00e7\u00e3o, que j\u00e1 enfrenta um poss\u00edvel atraso no plantio.<\/p>\n<figure class=\"wp-block-embed is-type-video is-provider-youtube wp-block-embed-youtube wp-embed-aspect-16-9 wp-has-aspect-ratio\">\n<p>\n<iframe title=\"Participe do M&amp;Cia | Envie suas d\u00favidas sobre a safra de soja\" width=\"800\" height=\"450\" src=\"https:\/\/www.youtube.com\/embed\/oxTJY1iM54k?feature=oembed\" frameborder=\"0\" allow=\"accelerometer; autoplay; clipboard-write; encrypted-media; gyroscope; picture-in-picture; web-share\" referrerpolicy=\"strict-origin-when-cross-origin\" allowfullscreen><\/iframe><noscript><iframe title=\"Participe do M&amp;Cia | Envie suas d\u00favidas sobre a safra de soja\" width=\"800\" height=\"450\" src=\"https:\/\/www.youtube.com\/embed\/oxTJY1iM54k?feature=oembed\" frameborder=\"0\" allow=\"accelerometer; autoplay; clipboard-write; encrypted-media; gyroscope; picture-in-picture; web-share\" referrerpolicy=\"strict-origin-when-cross-origin\" allowfullscreen><\/iframe><\/noscript>\n<\/p>\n<\/figure>\n<p>O especialista em agroneg\u00f3cio, Carlos Cogo, interagiu com internautas e abordou as principais d\u00favidas sobre o futuro da safra da <a href=\"https:\/\/www.canalrural.com.br\/agricultura\/projeto-soja-brasil\/\">soja <\/a>e os impactos clim\u00e1ticos. Segundo Cogo, os n\u00fameros da produ\u00e7\u00e3o brasileira do gr\u00e3o est\u00e3o consolidados, com uma expectativa de safra de cerca de 145 milh\u00f5es de toneladas. No entanto, os desafios clim\u00e1ticos podem afetar esses n\u00fameros, refor\u00e7ando a necessidade de monitoramento constante.<\/p>\n<p>Al\u00e9m disso, as previs\u00f5es para os pre\u00e7os da soja tamb\u00e9m foram discutidas. No Paran\u00e1, por exemplo, foi questionada a proje\u00e7\u00e3o do valor da saca da soja para fevereiro de 2025. Cogo destacou que, devido ao atraso no plantio e ao cen\u00e1rio clim\u00e1tico desfavor\u00e1vel, os pre\u00e7os podem sofrer quedas.<\/p>\n<\/div>\n<div>\n<p>O especialista explicou que o pr\u00eamio sobre as cota\u00e7\u00f5es de Chicago, atualmente em torno de 80 a 90 centavos de d\u00f3lar, tende a cair para cerca de 2 centavos no per\u00edodo de mar\u00e7o, impactando diretamente no valor da saca, que deve recuar para valores entre R$ 126 e R$ 127.<\/p>\n<p class=\"has-text-align-center\"><em>Confira na palma da m\u00e3o informa\u00e7\u00f5es quentes sobre agricultura, pecu\u00e1ria, economia e previs\u00e3o do tempo:<\/em><a href=\"https:\/\/whatsapp.com\/channel\/0029Va9VnZxGk1FplZjiW43k\"><strong><em>\u00a0siga o Canal Rura<\/em><\/strong><\/a><a href=\"https:\/\/www.whatsapp.com\/channel\/0029Va9VnZxGk1FplZjiW43k\"><strong><em>l no WhatsApp!<\/em><\/strong><\/a><\/p>\n<h2 class=\"wp-block-heading\" id=\"h-momento-ideal\">Momento ideal <\/h2>\n<p>Outro ponto levantado pelos internautas foi o melhor momento para a venda da soja e se o ideal para contratos futuros j\u00e1 havia passado. Cogo afirmou que, apesar de o momento mais oportuno poder ter passado, ainda h\u00e1 oportunidades devido \u00e0s incertezas clim\u00e1ticas e ao fen\u00f4meno El Ni\u00f1o. A volatilidade do mercado pode trazer boas chances para produtores que souberem aproveitar os per\u00edodos de alta.<\/p>\n<p>Tamb\u00e9m foi discutido o cen\u00e1rio de longo prazo para o mercado de gr\u00e3os no Brasil, com perguntas sobre as restri\u00e7\u00f5es ao agroneg\u00f3cio e o impacto do marco temporal nas propriedades rurais. O especialista reconheceu que o setor enfrenta muitos desafios, incluindo a queda das margens e o ciclo de baixa das commodities, mas reafirmou que o Brasil continuar\u00e1 crescendo e se adaptando \u00e0s condi\u00e7\u00f5es do mercado.<\/p>\n<p>O futuro da safra da soja, portanto, depende de uma s\u00e9rie de fatores clim\u00e1ticos e econ\u00f4micos que est\u00e3o sendo monitorados de perto. Os produtores devem se preparar para um ano desafiador, mas com poss\u00edveis oportunidades de venda em momentos estrat\u00e9gicos.<\/p>\n<\/div>\n<p><br \/>\n<br \/><a href=\"https:\/\/www.canalrural.com.br\/agricultura\/projeto-soja-brasil\/produtores-enfrentam-desafios-no-inicio-da-safra-de-soja\/\">Source link <\/a><\/p>\n","protected":false},"excerpt":{"rendered":"<p>O in\u00edcio da safra da soja 2024\/25 no Brasil acumula incertezas. No Mato Grosso, por exemplo, produtores expressam preocupa\u00e7\u00e3o com<\/p>\n","protected":false},"author":1,"featured_media":872,"comment_status":"open","ping_status":"open","sticky":false,"template":"","format":"standard","meta":{"_monsterinsights_skip_tracking":false,"_monsterinsights_sitenote_active":false,"_monsterinsights_sitenote_note":"","_monsterinsights_sitenote_category":0,"_uf_show_specific_survey":0,"_uf_disable_surveys":false,"footnotes":""},"categories":[1],"tags":[],"class_list":["post-1097","post","type-post","status-publish","format-standard","has-post-thumbnail","hentry","category-news"],"_links":{"self":[{"href":"https:\/\/agromt.news\/index.php?rest_route=\/wp\/v2\/posts\/1097"}],"collection":[{"href":"https:\/\/agromt.news\/index.php?rest_route=\/wp\/v2\/posts"}],"about":[{"href":"https:\/\/agromt.news\/index.php?rest_route=\/wp\/v2\/types\/post"}],"author":[{"embeddable":true,"href":"https:\/\/agromt.news\/index.php?rest_route=\/wp\/v2\/users\/1"}],"replies":[{"embeddable":true,"href":"https:\/\/agromt.news\/index.php?rest_route=%2Fwp%2Fv2%2Fcomments&post=1097"}],"version-history":[{"count":0,"href":"https:\/\/agromt.news\/index.php?rest_route=\/wp\/v2\/posts\/1097\/revisions"}],"wp:featuredmedia":[{"embeddable":true,"href":"https:\/\/agromt.news\/index.php?rest_route=\/wp\/v2\/media\/872"}],"wp:attachment":[{"href":"https:\/\/agromt.news\/index.php?rest_route=%2Fwp%2Fv2%2Fmedia&parent=1097"}],"wp:term":[{"taxonomy":"category","embeddable":true,"href":"https:\/\/agromt.news\/index.php?rest_route=%2Fwp%2Fv2%2Fcategories&post=1097"},{"taxonomy":"post_tag","embeddable":true,"href":"https:\/\/agromt.news\/index.php?rest_route=%2Fwp%2Fv2%2Ftags&post=1097"}],"curies":[{"name":"wp","href":"https:\/\/api.w.org\/{rel}","templated":true}]}}