{"id":1093,"date":"2024-09-05T22:55:53","date_gmt":"2024-09-06T02:55:53","guid":{"rendered":"https:\/\/agromt.news\/?p=1093"},"modified":"2024-09-05T22:55:53","modified_gmt":"2024-09-06T02:55:53","slug":"incendios-florestais-se-intensificam-e-desafiam-brigadistas-em-mato-grosso-do-sul","status":"publish","type":"post","link":"https:\/\/agromt.news\/?p=1093","title":{"rendered":"Inc\u00eandios florestais se intensificam e desafiam brigadistas em Mato Grosso do Sul"},"content":{"rendered":"<p> <br \/>\n<br \/><img decoding=\"async\" src=\"https:\/\/agromt.news\/wp-content\/uploads\/2024\/09\/Incendios-florestais-se-intensificam-e-desafiam-brigadistas-em-Mato-Grosso.jpeg\" \/><\/p>\n<div>\n<figure class=\"wp-block-embed is-type-video is-provider-youtube wp-block-embed-youtube wp-embed-aspect-16-9 wp-has-aspect-ratio\">\n<p>\n<iframe title=\"Inc\u00eandios: brigadistas apontam as principais dificuldades no combate ao fogo\" width=\"800\" height=\"450\" src=\"https:\/\/www.youtube.com\/embed\/VlIPBm_ayXo?feature=oembed\" frameborder=\"0\" allow=\"accelerometer; autoplay; clipboard-write; encrypted-media; gyroscope; picture-in-picture; web-share\" referrerpolicy=\"strict-origin-when-cross-origin\" allowfullscreen><\/iframe><noscript><iframe title=\"Inc\u00eandios: brigadistas apontam as principais dificuldades no combate ao fogo\" width=\"800\" height=\"450\" src=\"https:\/\/www.youtube.com\/embed\/VlIPBm_ayXo?feature=oembed\" frameborder=\"0\" allow=\"accelerometer; autoplay; clipboard-write; encrypted-media; gyroscope; picture-in-picture; web-share\" referrerpolicy=\"strict-origin-when-cross-origin\" allowfullscreen><\/iframe><\/noscript>\n<\/p>\n<\/figure>\n<p>O Brasil enfrenta um ano de intensos inc\u00eandios florestais, com mais de 5.700 focos de inc\u00eandio registrados recentemente, segundo dados do sistema BD Queimadas do Instituto Nacional de Pesquisas Espaciais (<a href=\"https:\/\/www.canalrural.com.br\/tag\/inpe\/\">Inpe<\/a>). Este ano, o fogo tem se comportado de maneira diferente: chegou mais cedo, com maior intensidade e est\u00e1 resistindo por mais tempo. A situa\u00e7\u00e3o se torna mais cr\u00edtica em estados como Par\u00e1, Mato Grosso e Tocantins, que lideram em n\u00famero de ocorr\u00eancias.<\/p>\n<p><em>Confira na palma da m\u00e3o informa\u00e7\u00f5es quentes sobre agricultura, pecu\u00e1ria, economia e previs\u00e3o do tempo:<\/em><a href=\"https:\/\/www.whatsapp.com\/channel\/0029Va9VnZxGk1FplZjiW43k\"><em> <\/em><strong>siga o Canal Rural no WhatsApp<\/strong><\/a>!<\/p>\n<p>Em uma entrevista ao programa \u201cMercado &amp; Companhia\u201d, M\u00e1rcio Yule, coordenador do Prevfogo em Mato Grosso do Sul, detalhou as principais dificuldades enfrentadas pelos brigadistas no combate aos inc\u00eandios florestais. Ele destacou que o trabalho tem sido \u00e1rduo e cont\u00ednuo, especialmente devido \u00e0 antecipa\u00e7\u00e3o dos inc\u00eandios que come\u00e7aram em junho, bem antes do per\u00edodo t\u00edpico.<\/p>\n<\/div>\n<div>\n<h3 class=\"wp-block-heading\" id=\"h-principais-desafios-no-combate-aos-incendios\"><strong>Principais desafios no combate aos inc\u00eandios<\/strong><\/h3>\n<p>M\u00e1rcio Yule explicou que as principais dificuldades est\u00e3o relacionadas ao acesso \u00e0s \u00e1reas afetadas e ao comportamento extremo do fogo, exacerbado pela seca prolongada, altas temperaturas e baixa umidade do ar. \u201c<em>O Pantanal, por exemplo, est\u00e1 em um per\u00edodo de seca desde outubro do ano passado, e tivemos quatro ondas de calor em 2023. A m\u00e1 distribui\u00e7\u00e3o das chuvas no in\u00edcio deste ano agravou ainda mais a situa\u00e7\u00e3o<\/em>\u201d, afirmou Yule. Essas condi\u00e7\u00f5es criam um ambiente ideal para que qualquer fagulha possa iniciar um inc\u00eandio de grandes propor\u00e7\u00f5es, dificultando o controle, mesmo com o uso de recursos avan\u00e7ados, como avi\u00f5es de combate a inc\u00eandios.<\/p>\n<h3 class=\"wp-block-heading\" id=\"h-impacto-ambiental-e-prejuizos-economicos\"><strong>Impacto ambiental e preju\u00edzos econ\u00f4micos<\/strong><\/h3>\n<p>Os preju\u00edzos causados pelos inc\u00eandios s\u00e3o imensos, afetando tanto a flora quanto a fauna local. Em 2020, por exemplo, estima-se que cerca de 17 milh\u00f5es de vertebrados morreram em um dos maiores inc\u00eandios j\u00e1 registrados no Pantanal. Este ano, os danos continuam a ser significativos, com \u00e1reas de ref\u00fagio de animais como a on\u00e7a-pintada sendo devastadas pelo fogo. Al\u00e9m do impacto ecol\u00f3gico, h\u00e1 tamb\u00e9m um preju\u00edzo econ\u00f4mico substancial, que inclui perdas para a pecu\u00e1ria, destrui\u00e7\u00e3o de cercas e uma queda no turismo em \u00e1reas afetadas.<\/p>\n<h3 class=\"wp-block-heading\" id=\"h-como-os-moradores-podem-apoiar-o-combate-aos-incendios\"><strong>Como os moradores podem apoiar o combate aos inc\u00eandios?<\/strong><\/h3>\n<p>Yule enfatizou a import\u00e2ncia da conscientiza\u00e7\u00e3o e do apoio da popula\u00e7\u00e3o local no combate ao fogo. Os moradores das regi\u00f5es atingidas podem ajudar evitando a\u00e7\u00f5es que possam iniciar inc\u00eandios e apoiando os brigadistas com informa\u00e7\u00f5es e recursos. \u201c<em>A conscientiza\u00e7\u00e3o das pessoas \u00e9 fundamental, assim como a implementa\u00e7\u00e3o da pol\u00edtica nacional do manejo integrado de fogo, que promove o manejo controlado do combust\u00edvel florestal seco antes do per\u00edodo cr\u00edtico<\/em>\u201c, explicou Yule.<\/p>\n<\/div>\n<p><br \/>\n<br \/><a href=\"https:\/\/www.canalrural.com.br\/nacional\/incendios-florestais-se-intensificam-e-desafiam-brigadistas-em-mato-grosso-do-sul\/\">Source link <\/a><\/p>\n","protected":false},"excerpt":{"rendered":"<p>O Brasil enfrenta um ano de intensos inc\u00eandios florestais, com mais de 5.700 focos de inc\u00eandio registrados recentemente, segundo dados<\/p>\n","protected":false},"author":1,"featured_media":1094,"comment_status":"open","ping_status":"open","sticky":false,"template":"","format":"standard","meta":{"_monsterinsights_skip_tracking":false,"_monsterinsights_sitenote_active":false,"_monsterinsights_sitenote_note":"","_monsterinsights_sitenote_category":0,"_uf_show_specific_survey":0,"_uf_disable_surveys":false,"footnotes":""},"categories":[1],"tags":[],"class_list":["post-1093","post","type-post","status-publish","format-standard","has-post-thumbnail","hentry","category-news"],"_links":{"self":[{"href":"https:\/\/agromt.news\/index.php?rest_route=\/wp\/v2\/posts\/1093"}],"collection":[{"href":"https:\/\/agromt.news\/index.php?rest_route=\/wp\/v2\/posts"}],"about":[{"href":"https:\/\/agromt.news\/index.php?rest_route=\/wp\/v2\/types\/post"}],"author":[{"embeddable":true,"href":"https:\/\/agromt.news\/index.php?rest_route=\/wp\/v2\/users\/1"}],"replies":[{"embeddable":true,"href":"https:\/\/agromt.news\/index.php?rest_route=%2Fwp%2Fv2%2Fcomments&post=1093"}],"version-history":[{"count":0,"href":"https:\/\/agromt.news\/index.php?rest_route=\/wp\/v2\/posts\/1093\/revisions"}],"wp:featuredmedia":[{"embeddable":true,"href":"https:\/\/agromt.news\/index.php?rest_route=\/wp\/v2\/media\/1094"}],"wp:attachment":[{"href":"https:\/\/agromt.news\/index.php?rest_route=%2Fwp%2Fv2%2Fmedia&parent=1093"}],"wp:term":[{"taxonomy":"category","embeddable":true,"href":"https:\/\/agromt.news\/index.php?rest_route=%2Fwp%2Fv2%2Fcategories&post=1093"},{"taxonomy":"post_tag","embeddable":true,"href":"https:\/\/agromt.news\/index.php?rest_route=%2Fwp%2Fv2%2Ftags&post=1093"}],"curies":[{"name":"wp","href":"https:\/\/api.w.org\/{rel}","templated":true}]}}