{"id":1091,"date":"2024-09-05T22:37:18","date_gmt":"2024-09-06T02:37:18","guid":{"rendered":"https:\/\/agromt.news\/?p=1091"},"modified":"2024-09-05T22:37:18","modified_gmt":"2024-09-06T02:37:18","slug":"produtor-e-obrigado-a-atravessar-com-a-filha-em-area-incendiada","status":"publish","type":"post","link":"https:\/\/agromt.news\/?p=1091","title":{"rendered":"produtor \u00e9 obrigado a atravessar com a filha em \u00e1rea incendiada"},"content":{"rendered":"<p> <br \/>\n<br \/><img decoding=\"async\" src=\"https:\/\/agromt.news\/wp-content\/uploads\/2024\/09\/produtor-e-obrigado-a-atravessar-com-a-filha-em-area.jpg\" \/><\/p>\n<div>\n<p>Mato Grosso registrou cerca de 28.800 focos de calor do in\u00edcio do ano at\u00e9 a tarde desta \u00faltima quarta-feira (4), de acordo com o Instituto Nacional de Pesquisas Espaciais <strong><a href=\"https:\/\/www.gov.br\/inpe\/pt-br\">(Inpe)<\/a><\/strong>. O n\u00famero \u00e9 quase <strong>170%<\/strong> superior ao mesmo per\u00edodo do ano passado, quando cerca de 10.800 focos foram reportados.<\/p>\n<p>Os inc\u00eandios t\u00eam atingido em cheio as propriedades rurais, trazendo desespero aos agricultores. Exemplo disso \u00e9 o produtor rural Rodrigo Dezordi, de Chapada dos Guimar\u00e3es. Sua propriedade foi atingida por chamas que se alastram h\u00e1 dias na regi\u00e3o. <\/p>\n<\/div>\n<div>\n<figure class=\"wp-block-embed is-type-video is-provider-youtube wp-block-embed-youtube wp-embed-aspect-16-9 wp-has-aspect-ratio\">\n<p>\n<iframe title=\"Inc\u00eandios florestais | Brasil j\u00e1 registra em 2024 o maior n\u00famero dos \u00faltimos 14 anos\" width=\"800\" height=\"450\" src=\"https:\/\/www.youtube.com\/embed\/dmnIldFUJEo?feature=oembed\" frameborder=\"0\" allow=\"accelerometer; autoplay; clipboard-write; encrypted-media; gyroscope; picture-in-picture; web-share\" referrerpolicy=\"strict-origin-when-cross-origin\" allowfullscreen><\/iframe><noscript><iframe title=\"Inc\u00eandios florestais | Brasil j\u00e1 registra em 2024 o maior n\u00famero dos \u00faltimos 14 anos\" width=\"800\" height=\"450\" src=\"https:\/\/www.youtube.com\/embed\/dmnIldFUJEo?feature=oembed\" frameborder=\"0\" allow=\"accelerometer; autoplay; clipboard-write; encrypted-media; gyroscope; picture-in-picture; web-share\" referrerpolicy=\"strict-origin-when-cross-origin\" allowfullscreen><\/iframe><\/noscript>\n<\/p>\n<\/figure>\n<p>De acordo com ele, o fogo se iniciou em uma lavoura de milho situada h\u00e1 mais de 30 km de sua fazenda. <\/p>\n<blockquote class=\"wp-block-quote is-layout-flow wp-block-quote-is-layout-flow\">\n<p>\u201c\u00c9 um inc\u00eandio de grandes propor\u00e7\u00f5es e j\u00e1 queimou muita coisa, passando por diversas propriedades e queimando \u00e1reas de Cerrado, de pastagem; atingiu propriedades de micro-produtor, queimou planta\u00e7\u00f5es de abacaxi, de banana. Cada um vem fazendo o que \u00e9 poss\u00edvel, o que tem recursos para fazer, mas [a nossa atua\u00e7\u00e3o] \u00e9 muito limitada\u201d.<\/p>\n<\/blockquote>\n<p>Nos v\u00eddeos abaixo, \u00e9 poss\u00edvel v\u00ea-lo tentando extinguir as chamas com uma mangueira e sofrendo para passar pelo inc\u00eandio com o trator ao lado da filha. O fogo atingiu cerca de <strong>70 hectares<\/strong> de sua propriedade.<\/p>\n<figure class=\"wp-block-embed is-type-video is-provider-youtube wp-block-embed-youtube wp-embed-aspect-16-9 wp-has-aspect-ratio\">\n<p>\n<iframe title=\"Produtor rural \u00e9 obrigado a atravessar com a filha em \u00e1rea devastada pelo fogo\" width=\"800\" height=\"450\" src=\"https:\/\/www.youtube.com\/embed\/MvvlFLZ6lKc?feature=oembed\" frameborder=\"0\" allow=\"accelerometer; autoplay; clipboard-write; encrypted-media; gyroscope; picture-in-picture; web-share\" referrerpolicy=\"strict-origin-when-cross-origin\" allowfullscreen><\/iframe><noscript><iframe title=\"Produtor rural \u00e9 obrigado a atravessar com a filha em \u00e1rea devastada pelo fogo\" width=\"800\" height=\"450\" src=\"https:\/\/www.youtube.com\/embed\/MvvlFLZ6lKc?feature=oembed\" frameborder=\"0\" allow=\"accelerometer; autoplay; clipboard-write; encrypted-media; gyroscope; picture-in-picture; web-share\" referrerpolicy=\"strict-origin-when-cross-origin\" allowfullscreen><\/iframe><\/noscript>\n<\/p>\n<\/figure>\n<figure class=\"wp-block-embed is-type-video is-provider-youtube wp-block-embed-youtube wp-embed-aspect-16-9 wp-has-aspect-ratio\">\n<p>\n<iframe title=\"Produtores enfrentam fogo descontrolado que se alastra por quil\u00f4metros\" width=\"800\" height=\"450\" src=\"https:\/\/www.youtube.com\/embed\/kM_WOPi1ch0?feature=oembed\" frameborder=\"0\" allow=\"accelerometer; autoplay; clipboard-write; encrypted-media; gyroscope; picture-in-picture; web-share\" referrerpolicy=\"strict-origin-when-cross-origin\" allowfullscreen><\/iframe><noscript><iframe title=\"Produtores enfrentam fogo descontrolado que se alastra por quil\u00f4metros\" width=\"800\" height=\"450\" src=\"https:\/\/www.youtube.com\/embed\/kM_WOPi1ch0?feature=oembed\" frameborder=\"0\" allow=\"accelerometer; autoplay; clipboard-write; encrypted-media; gyroscope; picture-in-picture; web-share\" referrerpolicy=\"strict-origin-when-cross-origin\" allowfullscreen><\/iframe><\/noscript>\n<\/p>\n<\/figure>\n<p>Dezordi relata, ainda, que o inc\u00eandio estava com aproximadamente 10 km de extens\u00e3o de linha de fogo. \u201cAs pessoas que est\u00e3o tentando controlar t\u00eam muito mais boa-vontade do que preparo\u201d.<\/p>\n<h2 class=\"wp-block-heading\" id=\"h-produtor-pede-ajuda\">Produtor pede ajuda <\/h2>\n<p>O produtor acredita que sem o aux\u00edlio de brigadas e de avi\u00f5es, o fogo s\u00f3 ter\u00e1 fim com a chegada das chuvas. \u201cMas o problema \u00e9 que elas est\u00e3o <strong><a href=\"https:\/\/www.canalrural.com.br\/agricultura\/incendios-se-espalham-pelo-brasil-e-previsao-de-tempo-indica-condicoes-preocupantes\/\">previstas s\u00f3 para daqui 15 a 20 dias<\/a><\/strong>\u201c.<\/p>\n<p>Ele pede uma atua\u00e7\u00e3o firme do governo do estado, com parcerias privadas e estrat\u00e9gicas, com uso de aeronaves, para ajudar no combate \u00e0s chamas. <\/p>\n<p>\u201cO fogo chegou em nossa propriedade no s\u00e1bado e estamos lutando desde ent\u00e3o [para combat\u00ea-lo]\u201d. <\/p>\n<h2 class=\"wp-block-heading\" id=\"h-mes-das-chamas\">M\u00eas das chamas<\/h2>\n<p>Os n\u00fameros comprovam que agosto liderou a quantidade de ocorr\u00eancias de inc\u00eandio no ano em Mato Grosso. Foram registrados 14.617 focos, contra 2.626 reportados em mesmo per\u00edodo do ano passado, conforme o Inpe.<\/p>\n<p>Neste rol, se destacam os munic\u00edpios de Colniza (1.984 focos); C\u00e1ceres (1.082) e Comodoro (879).<\/p>\n<\/div>\n<p><br \/>\n<br \/><a href=\"https:\/\/www.canalrural.com.br\/agricultura\/video-produtor-e-obrigado-a-atravessar-com-a-filha-em-area-incendiada\/\">Source link <\/a><\/p>\n","protected":false},"excerpt":{"rendered":"<p>Mato Grosso registrou cerca de 28.800 focos de calor do in\u00edcio do ano at\u00e9 a tarde desta \u00faltima quarta-feira (4),<\/p>\n","protected":false},"author":1,"featured_media":1092,"comment_status":"open","ping_status":"open","sticky":false,"template":"","format":"standard","meta":{"_monsterinsights_skip_tracking":false,"_monsterinsights_sitenote_active":false,"_monsterinsights_sitenote_note":"","_monsterinsights_sitenote_category":0,"_uf_show_specific_survey":0,"_uf_disable_surveys":false,"footnotes":""},"categories":[1],"tags":[],"class_list":["post-1091","post","type-post","status-publish","format-standard","has-post-thumbnail","hentry","category-news"],"_links":{"self":[{"href":"https:\/\/agromt.news\/index.php?rest_route=\/wp\/v2\/posts\/1091"}],"collection":[{"href":"https:\/\/agromt.news\/index.php?rest_route=\/wp\/v2\/posts"}],"about":[{"href":"https:\/\/agromt.news\/index.php?rest_route=\/wp\/v2\/types\/post"}],"author":[{"embeddable":true,"href":"https:\/\/agromt.news\/index.php?rest_route=\/wp\/v2\/users\/1"}],"replies":[{"embeddable":true,"href":"https:\/\/agromt.news\/index.php?rest_route=%2Fwp%2Fv2%2Fcomments&post=1091"}],"version-history":[{"count":0,"href":"https:\/\/agromt.news\/index.php?rest_route=\/wp\/v2\/posts\/1091\/revisions"}],"wp:featuredmedia":[{"embeddable":true,"href":"https:\/\/agromt.news\/index.php?rest_route=\/wp\/v2\/media\/1092"}],"wp:attachment":[{"href":"https:\/\/agromt.news\/index.php?rest_route=%2Fwp%2Fv2%2Fmedia&parent=1091"}],"wp:term":[{"taxonomy":"category","embeddable":true,"href":"https:\/\/agromt.news\/index.php?rest_route=%2Fwp%2Fv2%2Fcategories&post=1091"},{"taxonomy":"post_tag","embeddable":true,"href":"https:\/\/agromt.news\/index.php?rest_route=%2Fwp%2Fv2%2Ftags&post=1091"}],"curies":[{"name":"wp","href":"https:\/\/api.w.org\/{rel}","templated":true}]}}