{"id":1085,"date":"2024-09-05T22:07:39","date_gmt":"2024-09-06T02:07:39","guid":{"rendered":"https:\/\/agromt.news\/?p=1085"},"modified":"2024-09-05T22:07:39","modified_gmt":"2024-09-06T02:07:39","slug":"orplana-repudia-veemente-os-incendios-criminosos-que-vem-atingindo","status":"publish","type":"post","link":"https:\/\/agromt.news\/?p=1085","title":{"rendered":"ORPLANA repudia veemente os inc\u00eandios criminosos que v\u00eam atingindo&#8230;"},"content":{"rendered":"<p> <br \/>\n<\/p>\n<div>\n<div class=\"materia\">\n<p>A ORPLANA (Organiza\u00e7\u00e3o de Associa\u00e7\u00f5es de Produtores de Cana do Brasil) \u2013 que conta, atualmente, com 33 associa\u00e7\u00f5es de fornecedores de cana e representa mais de 12 mil produtores de cana-de-a\u00e7\u00facar \u2013 repudia veemente os inc\u00eandios criminosos que v\u00eam atingindo propriedades rurais na regi\u00e3o de Ribeir\u00e3o Preto.\u00a0<\/p>\n<p>A organiza\u00e7\u00e3o e seus associados seguem rigorosamente as diretrizes do Protocolo Agroambiental \u2013 Etanol Mais Verde, que pro\u00edbe o uso de fogo na colheita de cana no Estado de S\u00e3o Paulo. Al\u00e9m disso, apoiam a campanha de combate e preven\u00e7\u00e3o a inc\u00eandios da ABAG\/RP (Associa\u00e7\u00e3o Brasileira do Agroneg\u00f3cio da Regi\u00e3o de Ribeir\u00e3o Preto), que trabalha proativamente contra as ocorr\u00eancias de fogo no campo, e esclarece que os produtores de cana-de-a\u00e7\u00facar e as usinas n\u00e3o s\u00e3o os respons\u00e1veis pelos inc\u00eandios e, sim, que atuam para afastar o fogo de suas produ\u00e7\u00f5es.<\/p>\n<p>A ORPLANA enfatiza que as queimadas prejudicam o meio ambiente, a seguran\u00e7a das pessoas e tamb\u00e9m a rentabilidade dos produtores rurais. Diante da baixa umidade do ar, falta de chuvas e temperaturas elevadas, toda a cadeia de produ\u00e7\u00e3o da cana-de-a\u00e7\u00facar est\u00e1 mobilizada contra os inc\u00eandios e comprometida com a sustentabilidade e a preserva\u00e7\u00e3o do meio ambiente.\u00a0<\/p>\n<\/div>\n<div class=\"grupo-whatsapp\">\nJ\u00e1 segue nosso Canal oficial no WhatsApp? <a href=\"https:\/\/bit.ly\/Canal_NA\" target=\"_blank\" rel=\"noopener\"><strong>Clique Aqui<\/strong><\/a> para receber em primeira m\u00e3o as principais not\u00edcias do agroneg\u00f3cio\n<\/div>\n<\/div>\n<p><script async defer src=\"https:\/\/connect.facebook.net\/en_US\/sdk.js\" type=\"845b72d667abd797d8a70cfb-text\/javascript\"><\/script><script type=\"845b72d667abd797d8a70cfb-text\/javascript\">\n  !function(f,b,e,v,n,t,s)\n  {if(f.fbq)return;n=f.fbq=function(){n.callMethod?\n    n.callMethod.apply(n,arguments):n.queue.push(arguments)};\n    if(!f._fbq)f._fbq=n;n.push=n;n.loaded=!0;n.version='2.0';\n    n.queue=[];t=b.createElement(e);t.async=!0;\n    t.src=v;s=b.getElementsByTagName(e)[0];\n    s.parentNode.insertBefore(t,s)}(window, document,'script',\n    'https:\/\/connect.facebook.net\/en_US\/fbevents.js');\n  fbq('init', '153495679422335');\n  fbq('track', 'PageView');\n<\/script><br \/>\n<br \/><br \/>\n<br \/><a href=\"https:\/\/www.noticiasagricolas.com.br\/noticias\/sucroenergetico\/383543-orplana-repudia-veemente-os-incendios-criminosos-que-vem-atingindo-propriedades-rurais-na-regiao-de-ribeirao-preto.html\">Source link <\/a><\/p>\n","protected":false},"excerpt":{"rendered":"<p>A ORPLANA (Organiza\u00e7\u00e3o de Associa\u00e7\u00f5es de Produtores de Cana do Brasil) \u2013 que conta, atualmente, com 33 associa\u00e7\u00f5es de fornecedores<\/p>\n","protected":false},"author":1,"featured_media":1086,"comment_status":"open","ping_status":"open","sticky":false,"template":"","format":"standard","meta":{"_monsterinsights_skip_tracking":false,"_monsterinsights_sitenote_active":false,"_monsterinsights_sitenote_note":"","_monsterinsights_sitenote_category":0,"_uf_show_specific_survey":0,"_uf_disable_surveys":false,"footnotes":""},"categories":[8,1,14,16],"tags":[],"class_list":["post-1085","post","type-post","status-publish","format-standard","has-post-thumbnail","hentry","category-agro","category-news","category-politica-agro","category-safra"],"_links":{"self":[{"href":"https:\/\/agromt.news\/index.php?rest_route=\/wp\/v2\/posts\/1085"}],"collection":[{"href":"https:\/\/agromt.news\/index.php?rest_route=\/wp\/v2\/posts"}],"about":[{"href":"https:\/\/agromt.news\/index.php?rest_route=\/wp\/v2\/types\/post"}],"author":[{"embeddable":true,"href":"https:\/\/agromt.news\/index.php?rest_route=\/wp\/v2\/users\/1"}],"replies":[{"embeddable":true,"href":"https:\/\/agromt.news\/index.php?rest_route=%2Fwp%2Fv2%2Fcomments&post=1085"}],"version-history":[{"count":0,"href":"https:\/\/agromt.news\/index.php?rest_route=\/wp\/v2\/posts\/1085\/revisions"}],"wp:featuredmedia":[{"embeddable":true,"href":"https:\/\/agromt.news\/index.php?rest_route=\/wp\/v2\/media\/1086"}],"wp:attachment":[{"href":"https:\/\/agromt.news\/index.php?rest_route=%2Fwp%2Fv2%2Fmedia&parent=1085"}],"wp:term":[{"taxonomy":"category","embeddable":true,"href":"https:\/\/agromt.news\/index.php?rest_route=%2Fwp%2Fv2%2Fcategories&post=1085"},{"taxonomy":"post_tag","embeddable":true,"href":"https:\/\/agromt.news\/index.php?rest_route=%2Fwp%2Fv2%2Ftags&post=1085"}],"curies":[{"name":"wp","href":"https:\/\/api.w.org\/{rel}","templated":true}]}}