{"id":1077,"date":"2024-09-04T22:33:36","date_gmt":"2024-09-05T02:33:36","guid":{"rendered":"https:\/\/agromt.news\/?p=1077"},"modified":"2024-09-04T22:33:36","modified_gmt":"2024-09-05T02:33:36","slug":"escassez-de-chuvas-e-calor-intenso-acionam-bandeira-vermelha","status":"publish","type":"post","link":"https:\/\/agromt.news\/?p=1077","title":{"rendered":"Escassez de chuvas e calor intenso acionam bandeira vermelha"},"content":{"rendered":"<p> <br \/>\n<\/p>\n<div>\n<div class=\"row\">\n<div class=\"col-lg col-infos mt-3 mt-lg-0\">\n<div class=\"section-sub-title\">\n<p itemprop=\"description\">\nPela primeira vez desde 2021, a bandeira vermelha patamar 2 foi acionada\n<\/p>\n<\/div>\n<div class=\"container\">\n<div class=\"row\">\n<div class=\"col-lg p-0\">\n<div>\n<div class=\"block-news-main-infos mt-3 text-start\">\n<strong class=\"fn\" itemprop=\"author\" style=\"color: rgb(112, 112, 112); \"><br \/>\n<a href=\"https:\/\/www.agrolink.com.br\/noticias\/javascript:;\" class=\"text-uppercase\" target=\"_blank\" style=\"color: rgb(112, 112, 112); \" rel=\"noopener\">Agrolink<\/a><br \/>\n&#8211; Aline Merladete<br \/>\n<\/strong><br \/>\n<br \/>\n<abbr><time datetime=\"2024-09-02T16:04\" itemprop=\"datePublished dateModified\">Publicado em 02\/09\/2024 \u00e0s 16:04h.<\/time><\/abbr>\n<\/div>\n<\/div>\n<\/div>\n<div class=\"col-lg p-0 text-lg-end\">\n<div>\n<div id=\"mdEnviarPagina\" class=\"modal fade\" role=\"dialog\">\n<div class=\"modal-dialog\">\n<div class=\"modal-content\">\n<div class=\"modal-body\">\n<p><strong>Estimado usu\u00e1rio.<\/strong><br \/>Preencha o formul\u00e1rio abaixo para remeter a p\u00e1gina.<\/p>\n<\/div>\n<\/div>\n<\/div>\n<\/div>\n<\/div>\n<\/div>\n<\/div>\n<\/div>\n<\/div>\n<\/div>\n<div class=\"row justify-content-md-center mt-3\">\n<div class=\"col-lg-auto col-image  block-news-main-image d-none d-md-block\">\n<img decoding=\"async\" src=\"https:\/\/www.agrolink.com.br\/upload\/imagens-resizes\/a935f1a55c604735b92b12bd56c87f2c_858x483.jpg\" class=\"lazyload\"\/><br \/>\n<span class=\"publicity-photo d-block mt-1\">Foto: Pixabay<\/span>\n<\/div>\n<\/div>\n<div class=\"section-description section-description-noticias mt-3\">\n<p style=\"text-align:justify\">Pela primeira vez desde 2021, a bandeira vermelha patamar 2 foi acionada, trazendo um impacto direto no bolso do consumidor em setembro. O an\u00fancio feito\u00a0 pela Ag\u00eancia Nacional de Energia El\u00e9trica (Aneel) prev\u00ea um acr\u00e9scimo de R$ 7,877 a cada 100 quilowatts-hora (kWh) consumidos, refletindo os maiores custos para a gera\u00e7\u00e3o de energia el\u00e9trica no pa\u00eds.\n<\/p>\n<p style=\"text-align:justify\">A decis\u00e3o foi motivada pela previs\u00e3o de chuvas abaixo da m\u00e9dia hist\u00f3rica para o m\u00eas, o que deve reduzir a aflu\u00eancia nos reservat\u00f3rios das hidrel\u00e9tricas em cerca de 50%. Al\u00e9m disso, as temperaturas devem ficar acima da m\u00e9dia em todo o territ\u00f3rio nacional, o que intensifica o uso das termel\u00e9tricas, uma fonte de energia mais cara que as hidrel\u00e9tricas. Esse cen\u00e1rio pressionou o Pre\u00e7o de Liquida\u00e7\u00e3o de Diferen\u00e7as (PLD) e o risco hidrol\u00f3gico (GSF), fatores que justificaram o acionamento da bandeira vermelha patamar 2.\n<\/p>\n<p style=\"text-align:justify\">Desde abril de 2022, os consumidores estavam em um ciclo de bandeiras verdes, interrompido em julho de 2024, quando a bandeira amarela foi acionada, seguida novamente pela verde em agosto.<\/p>\n<p style=\"text-align:justify\">O sistema de bandeiras tarif\u00e1rias, criado pela Aneel em 2015, permite que os consumidores tenham um papel mais ativo na gest\u00e3o de sua conta de energia. Ao receber o sinal de aumento de custo com anteced\u00eancia, \u00e9 poss\u00edvel ajustar o consumo para evitar surpresas no valor final da conta. Com o retorno da bandeira vermelha patamar 2, a recomenda\u00e7\u00e3o \u00e9 para que todos usem a energia de forma consciente, evitando desperd\u00edcios que impactam tanto no or\u00e7amento quanto na sustentabilidade do setor el\u00e9trico.\n<\/p>\n<\/div>\n<\/div>\n<p><script data-cfasync=\"false\">\n    !function (f, b, e, v, n, t, s) {\n        if (f.fbq) return; n = f.fbq = function () {\n            n.callMethod ?\n                n.callMethod.apply(n, arguments) : n.queue.push(arguments)\n        };\n        if (!f._fbq) f._fbq = n; n.push = n; n.loaded = !0; n.version = '2.0';\n        n.queue = []; t = b.createElement(e); t.async = !0;\n        t.src = v; s = b.getElementsByTagName(e)[0];\n        s.parentNode.insertBefore(t, s)\n    }(window, document, 'script',\n        'https:\/\/connect.facebook.net\/en_US\/fbevents.js');\n    fbq('init', '522546078623747');\n    fbq('track', 'PageView');\n<\/script><br \/>\n<br \/><br \/>\n<br \/><a href=\"https:\/\/www.agrolink.com.br\/noticias\/escassez-de-chuvas-e-calor-intenso-acionam-bandeira-vermelha_494559.html\">Source link <\/a><\/p>\n","protected":false},"excerpt":{"rendered":"<p>Pela primeira vez desde 2021, a bandeira vermelha patamar 2 foi acionada Agrolink &#8211; Aline Merladete Publicado em 02\/09\/2024 \u00e0s<\/p>\n","protected":false},"author":1,"featured_media":1078,"comment_status":"open","ping_status":"open","sticky":false,"template":"","format":"standard","meta":{"_monsterinsights_skip_tracking":false,"_monsterinsights_sitenote_active":false,"_monsterinsights_sitenote_note":"","_monsterinsights_sitenote_category":0,"_uf_show_specific_survey":0,"_uf_disable_surveys":false,"footnotes":""},"categories":[8,1,14],"tags":[],"class_list":["post-1077","post","type-post","status-publish","format-standard","has-post-thumbnail","hentry","category-agro","category-news","category-politica-agro"],"_links":{"self":[{"href":"https:\/\/agromt.news\/index.php?rest_route=\/wp\/v2\/posts\/1077"}],"collection":[{"href":"https:\/\/agromt.news\/index.php?rest_route=\/wp\/v2\/posts"}],"about":[{"href":"https:\/\/agromt.news\/index.php?rest_route=\/wp\/v2\/types\/post"}],"author":[{"embeddable":true,"href":"https:\/\/agromt.news\/index.php?rest_route=\/wp\/v2\/users\/1"}],"replies":[{"embeddable":true,"href":"https:\/\/agromt.news\/index.php?rest_route=%2Fwp%2Fv2%2Fcomments&post=1077"}],"version-history":[{"count":0,"href":"https:\/\/agromt.news\/index.php?rest_route=\/wp\/v2\/posts\/1077\/revisions"}],"wp:featuredmedia":[{"embeddable":true,"href":"https:\/\/agromt.news\/index.php?rest_route=\/wp\/v2\/media\/1078"}],"wp:attachment":[{"href":"https:\/\/agromt.news\/index.php?rest_route=%2Fwp%2Fv2%2Fmedia&parent=1077"}],"wp:term":[{"taxonomy":"category","embeddable":true,"href":"https:\/\/agromt.news\/index.php?rest_route=%2Fwp%2Fv2%2Fcategories&post=1077"},{"taxonomy":"post_tag","embeddable":true,"href":"https:\/\/agromt.news\/index.php?rest_route=%2Fwp%2Fv2%2Ftags&post=1077"}],"curies":[{"name":"wp","href":"https:\/\/api.w.org\/{rel}","templated":true}]}}