{"id":1075,"date":"2024-09-04T22:13:37","date_gmt":"2024-09-05T02:13:37","guid":{"rendered":"https:\/\/agromt.news\/?p=1075"},"modified":"2024-09-04T22:13:37","modified_gmt":"2024-09-05T02:13:37","slug":"indice-de-commodities-do-bc-cai-231-em-agosto-agro-puxa-baixa","status":"publish","type":"post","link":"https:\/\/agromt.news\/?p=1075","title":{"rendered":"\u00cdndice de Commodities do BC cai 2,31% em agosto; agro puxa baixa"},"content":{"rendered":"<p> <br \/>\n<\/p>\n<div>\n<p>O \u00cdndice de Commodities do Banco Central (IC-Br) caiu 2,31% em agosto, na compara\u00e7\u00e3o com julho, informou a autarquia. A baixa de 2,59% dos pre\u00e7os de commodities agropecu\u00e1rias puxou o resultado, seguida pelos pre\u00e7os de energia (-2,34%) e de metais (-1,50%).<\/p>\n<p>O IC-Br representa a m\u00e9dia mensal dos pre\u00e7os, em reais, de um conjunto de commodities consideradas relevantes para a din\u00e2mica da infla\u00e7\u00e3o no Brasil.<\/p>\n<p>O setor agropecu\u00e1rio tem peso aproximado de 67% no \u00edndice, seguido pelos segmentos de energia (em torno de 17%) e de metais (com cerca de 16%).<\/p>\n<p>A queda dos pre\u00e7os em reais foi menor do que a baixa em d\u00f3lares, base na qual o IC-Br recuou 2,50% em agosto.<\/p>\n<aside class=\"read-too read-too--with-img\">\n<h2 class=\"read-too__title'&gt;Leia Mais&lt;\/h2&gt; &lt;ul class=\" read-too__list=\"\"> <\/h2>\n<li class=\"read-too__list-item\"> <a class=\"read-too__link\" href=\"https:\/\/www.cnnbrasil.com.br\/economia\/macroeconomia\/setor-de-servicos-atinge-o-nivel-mais-fraco-desde-abril-com-pressoes-inflacionarias-diz-pmi-de-agosto\/\" target=\"_self\" rel=\"noopener\"> <picture class=\"read-too__picture\"> <img decoding=\"async\" class=\"read-too__img\" src=\"https:\/\/www.cnnbrasil.com.br\/wp-content\/uploads\/sites\/12\/Reuters_Direct_Media\/BrazilOnlineReportBusinessNews\/tagreuters.com2024binary_LYNXMPEK0G0FC-BASEIMAGE.jpg?w=200\" alt=\"Setor de servi\u00e7os atinge o n\u00edvel mais fraco desde abril com press\u00f5es inflacion\u00e1rias, diz PMI de agosto\" title=\"Setor de servi\u00e7os atinge o n\u00edvel mais fraco desde abril com press\u00f5es inflacion\u00e1rias, diz PMI de agosto'\" loading=\"lazy\"\/> <\/picture>\n<h3 class=\"read-too__post-title\">Setor de servi\u00e7os atinge o n\u00edvel mais fraco desde abril com press\u00f5es inflacion\u00e1rias, diz PMI de agosto<\/h3>\n<p> <\/a><\/li>\n<li class=\"read-too__list-item\"> <a class=\"read-too__link\" href=\"https:\/\/www.cnnbrasil.com.br\/economia\/macroeconomia\/fazenda-muda-metas-para-divida-publica-em-2024-e-preve-maior-participacao-de-titulos-atrelados-a-selic\/\" target=\"_self\" rel=\"noopener\"> <picture class=\"read-too__picture\"> <img decoding=\"async\" class=\"read-too__img\" src=\"https:\/\/www.cnnbrasil.com.br\/wp-content\/uploads\/sites\/12\/2022\/09\/GettyImages-1128678254.jpg?w=200\" alt=\"Fazenda muda metas para d\u00edvida p\u00fablica em 2024 e prev\u00ea maior participa\u00e7\u00e3o de t\u00edtulos atrelados \u00e0 Selic\" title=\"Fazenda muda metas para d\u00edvida p\u00fablica em 2024 e prev\u00ea maior participa\u00e7\u00e3o de t\u00edtulos atrelados \u00e0 Selic'\" loading=\"lazy\"\/> <\/picture>\n<h3 class=\"read-too__post-title\">Fazenda muda metas para d\u00edvida p\u00fablica em 2024 e prev\u00ea maior participa\u00e7\u00e3o de t\u00edtulos atrelados \u00e0 Selic<\/h3>\n<p> <\/a><\/li>\n<li class=\"read-too__list-item\"> <a class=\"read-too__link\" href=\"https:\/\/www.cnnbrasil.com.br\/economia\/macroeconomia\/indicador-antecedente-de-emprego-sobe-em-agosto-e-atinge-maior-nivel-desde-setembro-de-2022-mostra-fgv\/\" target=\"_self\" rel=\"noopener\"> <picture class=\"read-too__picture\"> <img decoding=\"async\" class=\"read-too__img\" src=\"https:\/\/www.cnnbrasil.com.br\/wp-content\/uploads\/sites\/12\/2023\/04\/29516927128_5c7a615db5_o.jpg?w=200\" alt=\"Indicador Antecedente de Emprego sobe em agosto e atinge maior n\u00edvel desde setembro de 2022, mostra FGV\" title=\"Indicador Antecedente de Emprego sobe em agosto e atinge maior n\u00edvel desde setembro de 2022, mostra FGV'\" loading=\"lazy\"\/> <\/picture>\n<h3 class=\"read-too__post-title\">Indicador Antecedente de Emprego sobe em agosto e atinge maior n\u00edvel desde setembro de 2022, mostra FGV<\/h3>\n<p> <\/a><\/li>\n<\/aside>\n<p>Quando cotados na moeda norte-americana, os tr\u00eas grupos que integram o \u00edndice tamb\u00e9m tiveram baixas maiores: agropecu\u00e1ria (-2,78%), energia (-2,52%) e metais (-1,71%).<\/p>\n<p>O IC-Br em reais sobe 18,05% no acumulado do ano e 12,69% em 12 meses.<\/p>\n<p>Entre os segmentos, os pre\u00e7os em reais das commodities agropecu\u00e1rias acumulam alta de 15,97% no ano e 10,93% em 12 meses. Os metais sobem 29,11% e 28,06%, respectivamente, e a energia, 15,27% e 5,53%.<\/p>\n<\/div>\n<p><br \/>\n<br \/><a href=\"https:\/\/www.cnnbrasil.com.br\/economia\/macroeconomia\/andice-de-commodities-do-banco-central-cai-231-em-agosto-ante-julho\/\">Source link <\/a><\/p>\n","protected":false},"excerpt":{"rendered":"<p>O \u00cdndice de Commodities do Banco Central (IC-Br) caiu 2,31% em agosto, na compara\u00e7\u00e3o com julho, informou a autarquia. A<\/p>\n","protected":false},"author":1,"featured_media":1076,"comment_status":"open","ping_status":"open","sticky":false,"template":"","format":"standard","meta":{"_monsterinsights_skip_tracking":false,"_monsterinsights_sitenote_active":false,"_monsterinsights_sitenote_note":"","_monsterinsights_sitenote_category":0,"_uf_show_specific_survey":0,"_uf_disable_surveys":false,"footnotes":""},"categories":[1],"tags":[],"class_list":["post-1075","post","type-post","status-publish","format-standard","has-post-thumbnail","hentry","category-news"],"_links":{"self":[{"href":"https:\/\/agromt.news\/index.php?rest_route=\/wp\/v2\/posts\/1075"}],"collection":[{"href":"https:\/\/agromt.news\/index.php?rest_route=\/wp\/v2\/posts"}],"about":[{"href":"https:\/\/agromt.news\/index.php?rest_route=\/wp\/v2\/types\/post"}],"author":[{"embeddable":true,"href":"https:\/\/agromt.news\/index.php?rest_route=\/wp\/v2\/users\/1"}],"replies":[{"embeddable":true,"href":"https:\/\/agromt.news\/index.php?rest_route=%2Fwp%2Fv2%2Fcomments&post=1075"}],"version-history":[{"count":0,"href":"https:\/\/agromt.news\/index.php?rest_route=\/wp\/v2\/posts\/1075\/revisions"}],"wp:featuredmedia":[{"embeddable":true,"href":"https:\/\/agromt.news\/index.php?rest_route=\/wp\/v2\/media\/1076"}],"wp:attachment":[{"href":"https:\/\/agromt.news\/index.php?rest_route=%2Fwp%2Fv2%2Fmedia&parent=1075"}],"wp:term":[{"taxonomy":"category","embeddable":true,"href":"https:\/\/agromt.news\/index.php?rest_route=%2Fwp%2Fv2%2Fcategories&post=1075"},{"taxonomy":"post_tag","embeddable":true,"href":"https:\/\/agromt.news\/index.php?rest_route=%2Fwp%2Fv2%2Ftags&post=1075"}],"curies":[{"name":"wp","href":"https:\/\/api.w.org\/{rel}","templated":true}]}}