{"id":1074,"date":"2024-09-04T10:34:30","date_gmt":"2024-09-04T14:34:30","guid":{"rendered":"https:\/\/agromt.news\/?p=1074"},"modified":"2024-09-04T10:34:30","modified_gmt":"2024-09-04T14:34:30","slug":"mpf-aciona-justica-para-contratacao-de-brigadistas-contra-incendios","status":"publish","type":"post","link":"https:\/\/agromt.news\/?p=1074","title":{"rendered":"MPF aciona justi\u00e7a para contrata\u00e7\u00e3o de brigadistas contra inc\u00eandios"},"content":{"rendered":"<p> <br \/>\n<br \/><img decoding=\"async\" src=\"https:\/\/agromt.news\/wp-content\/uploads\/2024\/08\/Captura-de-tela-2024-08-29-112808.jpg\" \/><\/p>\n<div>\n<p>O Minist\u00e9rio P\u00fablico Federal <strong><a href=\"https:\/\/www.mpf.mp.br\/\">(MPF)<\/a><\/strong> ingressou com uma A\u00e7\u00e3o Civil P\u00fablica contra a Uni\u00e3o, pedindo a libera\u00e7\u00e3o urgente de verbas para a contrata\u00e7\u00e3o de brigadistas. <\/p>\n<p>De acordo com o \u00f3rg\u00e3o, no \u00faltimo dia 22 de agosto foi expedida uma recomenda\u00e7\u00e3o para a contrata\u00e7\u00e3o de mais de 450 brigadistas e disponibilidade de aeronaves para combate aos inc\u00eandios na Regi\u00e3o Norte. Como o MPF n\u00e3o teve resposta, recorreu \u00e0 Justi\u00e7a.<\/p>\n<\/div>\n<div>\n<h2 class=\"wp-block-heading\" id=\"h-equipamentos-de-combate-a-incendio\">Equipamentos de combate a inc\u00eandio<\/h2>\n<p>Na a\u00e7\u00e3o, o Minist\u00e9rio solicita de forma urgente que o Governo Federal libere a verba para contrata\u00e7\u00e3o de 15 brigadas com 30 brigadistas tempor\u00e1rios cada. <\/p>\n<p>Al\u00e9m disso, que garanta equipamentos de prote\u00e7\u00e3o individual e de <strong><a href=\"https:\/\/www.canalrural.com.br\/nacional\/incendios-no-interior-de-sp-matam-mais-de-2-mil-animais-de-producao\/\">combate ao fogo<\/a><\/strong>, aeronaves com capacidade para transportar at\u00e9 12 mil litros de \u00e1gua em cada voo e helic\u00f3pteros equipados com dispersores de \u00e1gua. <\/p>\n<p>\u00c9 sugerido, inclusive, que a Uni\u00e3o requisite bombeiros militares de outros estados, como alternativa \u00e0 contrata\u00e7\u00e3o.<\/p>\n<h2 class=\"wp-block-heading\" id=\"h-recursos-necessarios\">Recursos necess\u00e1rios<\/h2>\n<p>A estimativa dos recursos necess\u00e1rios \u00e9 do Ibama em Rond\u00f4nia, com quem as equipes devem atuar para controlar os inc\u00eandios da regi\u00e3o. Segundo a entidade, atualmente ela possui apenas 205 brigadistas distribu\u00eddos em oito bases que atendem o estado e o sul do Amazonas.<\/p>\n<p>O Minist\u00e9rio P\u00fablico Federal pede ainda que a Uni\u00e3o seja condenada a pagar <strong>R$ 50 milh\u00f5es<\/strong> a t\u00edtulo de compensa\u00e7\u00e3o pelos danos morais coletivos.<\/p>\n<p>Outro pedido da A\u00e7\u00e3o Civil P\u00fablica \u00e9 que a For\u00e7a Nacional de Seguran\u00e7a e o Ex\u00e9rcito Brasileiro envie homens em quantidade suficiente para garantir o patrulhamento do entorno das \u00e1reas onde ocorrem o combate \u00e0s queimadas. <\/p>\n<p>E, ainda, que os agentes brigadistas que trabalham na \u00e1rea de gest\u00e3o do Ibama em Rond\u00f4nia, que atendem tamb\u00e9m no Acre, sul do Amazonas e Oeste do Mato Grosso, ganhem escolta.<\/p>\n<\/div>\n<p><br \/>\n<br \/><a href=\"https:\/\/www.canalrural.com.br\/politica\/mpf-aciona-justica-para-contratacao-de-brigadistas-contra-incendios\/\">Source link <\/a><\/p>\n","protected":false},"excerpt":{"rendered":"<p>O Minist\u00e9rio P\u00fablico Federal (MPF) ingressou com uma A\u00e7\u00e3o Civil P\u00fablica contra a Uni\u00e3o, pedindo a libera\u00e7\u00e3o urgente de verbas<\/p>\n","protected":false},"author":1,"featured_media":920,"comment_status":"open","ping_status":"open","sticky":false,"template":"","format":"standard","meta":{"_monsterinsights_skip_tracking":false,"_monsterinsights_sitenote_active":false,"_monsterinsights_sitenote_note":"","_monsterinsights_sitenote_category":0,"_uf_show_specific_survey":0,"_uf_disable_surveys":false,"footnotes":""},"categories":[1],"tags":[],"class_list":["post-1074","post","type-post","status-publish","format-standard","has-post-thumbnail","hentry","category-news"],"_links":{"self":[{"href":"https:\/\/agromt.news\/index.php?rest_route=\/wp\/v2\/posts\/1074"}],"collection":[{"href":"https:\/\/agromt.news\/index.php?rest_route=\/wp\/v2\/posts"}],"about":[{"href":"https:\/\/agromt.news\/index.php?rest_route=\/wp\/v2\/types\/post"}],"author":[{"embeddable":true,"href":"https:\/\/agromt.news\/index.php?rest_route=\/wp\/v2\/users\/1"}],"replies":[{"embeddable":true,"href":"https:\/\/agromt.news\/index.php?rest_route=%2Fwp%2Fv2%2Fcomments&post=1074"}],"version-history":[{"count":0,"href":"https:\/\/agromt.news\/index.php?rest_route=\/wp\/v2\/posts\/1074\/revisions"}],"wp:featuredmedia":[{"embeddable":true,"href":"https:\/\/agromt.news\/index.php?rest_route=\/wp\/v2\/media\/920"}],"wp:attachment":[{"href":"https:\/\/agromt.news\/index.php?rest_route=%2Fwp%2Fv2%2Fmedia&parent=1074"}],"wp:term":[{"taxonomy":"category","embeddable":true,"href":"https:\/\/agromt.news\/index.php?rest_route=%2Fwp%2Fv2%2Fcategories&post=1074"},{"taxonomy":"post_tag","embeddable":true,"href":"https:\/\/agromt.news\/index.php?rest_route=%2Fwp%2Fv2%2Ftags&post=1074"}],"curies":[{"name":"wp","href":"https:\/\/api.w.org\/{rel}","templated":true}]}}