{"id":10726,"date":"2025-03-10T03:53:03","date_gmt":"2025-03-10T07:53:03","guid":{"rendered":"https:\/\/agromt.news\/?p=10726"},"modified":"2025-03-10T03:53:03","modified_gmt":"2025-03-10T07:53:03","slug":"expodireto-cotrijal-inicia-nesta-segunda-feira-10","status":"publish","type":"post","link":"https:\/\/agromt.news\/?p=10726","title":{"rendered":"Expodireto Cotrijal inicia nesta segunda-feira (10)"},"content":{"rendered":"<p> <br \/>\n<\/p>\n<div>\n<p style=\"text-align:justify\">A 25\u00aa edi\u00e7\u00e3o da Expodireto Cotrijal inicia nesta\u00a0segunda-feira (10) em N\u00e3o-Me-Toque (RS), trazendo uma ampla programa\u00e7\u00e3o voltada ao agroneg\u00f3cio. O evento, que ocorre at\u00e9 o dia 14 de mar\u00e7o, re\u00fane especialistas, produtores, empres\u00e1rios e representantes de institui\u00e7\u00f5es nacionais e internacionais para debater desafios, inova\u00e7\u00f5es e oportunidades do setor.\u00a0O Portal Agrolink estar\u00e1 presente para a cobertura completa do evento.&#13;\n<\/p>\n<p style=\"text-align:justify\">A cerim\u00f4nia oficial de abertura ser\u00e1 realizada no Audit\u00f3rio Central para convidados e imprensa. Na ocasi\u00e3o, a tradicional Cal\u00e7ada da Fama do Agro homenagear\u00e1 Claudio Bier, presidente do Sistema Fiergs. \u00c0 tarde, ser\u00e1 entregue o Trof\u00e9u Semente de Ouro a J\u00e2nio Stefanello, presidente da Coprel, em reconhecimento \u00e0 sua contribui\u00e7\u00e3o para o setor.<\/p>\n<p style=\"text-align:justify\">A feira conta com eventos t\u00e9cnicos e f\u00f3runs sobre temas relevantes para o agroneg\u00f3cio. Na ter\u00e7a-feira (11), o 35\u00ba F\u00f3rum Nacional da <a href=\"https:\/\/www.agrolink.com.br\/culturas\/soja?utm_source=agrolink-detalhe-noticia&amp;utm_medium=detalhe-noticia&amp;utm_campaign=links-internos\" target=\"_blank\" rel=\"noopener\">soja<\/a> discutir\u00e1 o impacto da influ\u00eancia chinesa no setor e as perspectivas para os mercados de <a href=\"https:\/\/www.agrolink.com.br\/culturas\/soja?utm_source=agrolink-detalhe-noticia&amp;utm_medium=detalhe-noticia&amp;utm_campaign=links-internos\" target=\"_blank\" rel=\"noopener\">soja<\/a> e <a href=\"https:\/\/www.agrolink.com.br\/culturas\/milho?utm_source=agrolink-detalhe-noticia&amp;utm_medium=detalhe-noticia&amp;utm_campaign=links-internos&#9;\" target=\"_blank\" rel=\"noopener\">milho<\/a> na safra 2024\/2025. Na quarta-feira (12), acontece o 10\u00ba Encontro de Empres\u00e1rias Rurais, e na quinta-feira (13), o Summit do Jovem Cooperativista.<\/p>\n<p style=\"text-align:justify\">Al\u00e9m disso, a Expodireto Cotrijal reafirma sua import\u00e2ncia como espa\u00e7o de reivindica\u00e7\u00f5es pol\u00edticas. Na sexta-feira (14), ser\u00e1 realizada uma Audi\u00eancia P\u00fablica do Senado Federal para debater a securitiza\u00e7\u00e3o de opera\u00e7\u00f5es de cr\u00e9dito rural, buscando alternativas para produtores afetados por eventos clim\u00e1ticos extremos.<\/p>\n<p style=\"text-align:justify\">Diversos f\u00f3runs ser\u00e3o promovidos ao longo da feira, em parceria com institui\u00e7\u00f5es de pesquisa e cooperativas. O 16\u00ba F\u00f3rum do Milho abre a programa\u00e7\u00e3o na segunda-feira (10), seguido pelo 9\u00ba F\u00f3rum Estadual de Conserva\u00e7\u00e3o do Solo e da \u00c1gua e pelo 3\u00ba F\u00f3rum da Carne na ter\u00e7a-feira (11). Na quarta-feira (12), ocorrem o 20\u00ba F\u00f3rum Estadual do Leite, o 10\u00ba F\u00f3rum do Trigo e o 4\u00ba F\u00f3rum Estadual dos Gestores Municipais do Agro. O 17\u00ba F\u00f3rum Florestal, que discute cr\u00e9ditos de carbono na produ\u00e7\u00e3o de erva-mate, acontece na quinta-feira (13).&#13;\n<\/p>\n<p style=\"text-align:justify\">Na \u00e1rea de produ\u00e7\u00e3o vegetal, o Momento Especialistas do Agro trar\u00e1 pesquisadores para abordar desafios como clima, manejo de solo e controle de doen\u00e7as. J\u00e1 a produ\u00e7\u00e3o animal ter\u00e1 dois pavilh\u00f5es dedicados \u00e0 exposi\u00e7\u00e3o de animais e empresas do setor pecu\u00e1rio. A F\u00e1brica de Ra\u00e7\u00f5es Cotrijal apresentar\u00e1 seu processo produtivo e promover\u00e1 workshops para universidades.<\/p>\n<p style=\"text-align:justify\">A Arena Agrodigital ser\u00e1 o centro de debates sobre inova\u00e7\u00e3o, com o tema \u201cO Agro do Amanh\u00e3\u201d. O espa\u00e7o reunir\u00e1 mais de 30 empresas, startups e hubs de tecnologia, al\u00e9m de oferecer servi\u00e7os como a emiss\u00e3o de certificado digital para produtores rurais pelo aplicativo Smart Coop. Destaques da programa\u00e7\u00e3o incluem palestras de Paulo Herrmann (Fiergs) sobre inova\u00e7\u00e3o industrial e de Clovis Tramontina (Tramontina) sobre empreendedorismo.<\/p>\n<p style=\"text-align:justify\">O Pavilh\u00e3o Internacional receber\u00e1 representantes de mais de 70 pa\u00edses, registrando um recorde de empresas estrangeiras expositoras. A \u00cdndia participa pela primeira vez com um estande pr\u00f3prio na \u00c1rea Internacional da C\u00e2mara de Com\u00e9rcio e Ind\u00fastria Indo Brasil (CCIIB). O local tamb\u00e9m sediar\u00e1 o \u201c6\u00ba Semin\u00e1rio China \u2013 Brasil da Cadeia de Suprimentos da Agricultura, Pecu\u00e1ria e Alimenta\u00e7\u00e3o\u201d.<\/p>\n<p style=\"text-align:justify\">O Espa\u00e7o da Natureza contar\u00e1 com a exposi\u00e7\u00e3o \u201cMundo dos R\u00e9pteis\u201d, al\u00e9m da \u00e1rea Bosques Ga\u00fachos, que representa biomas do Rio Grande do Sul. O projeto Papagaio Char\u00e3o, da Universidade de Passo Fundo (UPF), promover\u00e1 a\u00e7\u00f5es de conscientiza\u00e7\u00e3o ambiental. O Anfiteatro da Natureza apresentar\u00e1 a pe\u00e7a teatral \u201cA Mulher do Agro\u201d duas vezes ao dia.&#13;\n<\/p>\n<p style=\"text-align:justify\">Com uma programa\u00e7\u00e3o abrangente e foco em inova\u00e7\u00e3o e sustentabilidade, a Expodireto Cotrijal se consolida como um evento estrat\u00e9gico para o agroneg\u00f3cio. O Portal de Agrolink trar\u00e1 cobertura em tempo real, destacando as principais novidades e tend\u00eancias do setor.<\/p>\n<\/p><\/div>\n<p><script data-cfasync=\"false\">\n    !function (f, b, e, v, n, t, s) {\n        if (f.fbq) return; n = f.fbq = function () {\n            n.callMethod ?\n                n.callMethod.apply(n, arguments) : n.queue.push(arguments)\n        };\n        if (!f._fbq) f._fbq = n; n.push = n; n.loaded = !0; n.version = '2.0';\n        n.queue = []; t = b.createElement(e); t.async = !0;\n        t.src = v; s = b.getElementsByTagName(e)[0];\n        s.parentNode.insertBefore(t, s)\n    }(window, document, 'script',\n        'https:\/\/connect.facebook.net\/en_US\/fbevents.js');\n    fbq('init', '522546078623747');\n    fbq('track', 'PageView');\n<\/script><br \/>\n<br \/><br \/>\n<br \/><a href=\"https:\/\/www.agrolink.com.br\/noticias\/expodireto-cotrijal-inicia-na-proxima-segunda-feira--10-_499983.html\">Source link <\/a><\/p>\n","protected":false},"excerpt":{"rendered":"<p>A 25\u00aa edi\u00e7\u00e3o da Expodireto Cotrijal inicia nesta\u00a0segunda-feira (10) em N\u00e3o-Me-Toque (RS), trazendo uma ampla programa\u00e7\u00e3o voltada ao agroneg\u00f3cio. O<\/p>\n","protected":false},"author":1,"featured_media":10727,"comment_status":"open","ping_status":"open","sticky":false,"template":"","format":"standard","meta":{"_monsterinsights_skip_tracking":false,"_monsterinsights_sitenote_active":false,"_monsterinsights_sitenote_note":"","_monsterinsights_sitenote_category":0,"_uf_show_specific_survey":0,"_uf_disable_surveys":false,"footnotes":""},"categories":[8,1,14],"tags":[],"class_list":["post-10726","post","type-post","status-publish","format-standard","has-post-thumbnail","hentry","category-agro","category-news","category-politica-agro"],"_links":{"self":[{"href":"https:\/\/agromt.news\/index.php?rest_route=\/wp\/v2\/posts\/10726"}],"collection":[{"href":"https:\/\/agromt.news\/index.php?rest_route=\/wp\/v2\/posts"}],"about":[{"href":"https:\/\/agromt.news\/index.php?rest_route=\/wp\/v2\/types\/post"}],"author":[{"embeddable":true,"href":"https:\/\/agromt.news\/index.php?rest_route=\/wp\/v2\/users\/1"}],"replies":[{"embeddable":true,"href":"https:\/\/agromt.news\/index.php?rest_route=%2Fwp%2Fv2%2Fcomments&post=10726"}],"version-history":[{"count":0,"href":"https:\/\/agromt.news\/index.php?rest_route=\/wp\/v2\/posts\/10726\/revisions"}],"wp:featuredmedia":[{"embeddable":true,"href":"https:\/\/agromt.news\/index.php?rest_route=\/wp\/v2\/media\/10727"}],"wp:attachment":[{"href":"https:\/\/agromt.news\/index.php?rest_route=%2Fwp%2Fv2%2Fmedia&parent=10726"}],"wp:term":[{"taxonomy":"category","embeddable":true,"href":"https:\/\/agromt.news\/index.php?rest_route=%2Fwp%2Fv2%2Fcategories&post=10726"},{"taxonomy":"post_tag","embeddable":true,"href":"https:\/\/agromt.news\/index.php?rest_route=%2Fwp%2Fv2%2Ftags&post=10726"}],"curies":[{"name":"wp","href":"https:\/\/api.w.org\/{rel}","templated":true}]}}