{"id":10720,"date":"2025-03-09T19:50:39","date_gmt":"2025-03-09T23:50:39","guid":{"rendered":"https:\/\/agromt.news\/?p=10720"},"modified":"2025-03-09T19:50:39","modified_gmt":"2025-03-09T23:50:39","slug":"conab-treina-agricultores-familiares-no-amazonas","status":"publish","type":"post","link":"https:\/\/agromt.news\/?p=10720","title":{"rendered":"Conab treina agricultores familiares no Amazonas"},"content":{"rendered":"<p> <br \/>\n<\/p>\n<div>\n<div class=\"row\">\n<div class=\"col-lg col-infos mt-3 mt-lg-0\">\n<div class=\"section-sub-title\">\n<p itemprop=\"description\">&#13;<br \/>\n                                As atividades ocorrer\u00e3o nos dias 10 e 14 de mar\u00e7o&#13;\n                            <\/p>\n<\/p><\/div>\n<div class=\"container\">\n<div class=\"row\">\n<div class=\"col-lg p-0\">\n<div>\n<div class=\"block-news-main-infos mt-3 text-start\">\n<p>                                            <strong class=\"fn\" itemprop=\"author\" style=\"color: rgb(112, 112, 112); \">&#13;<br \/>\n                                                <a href=\"https:\/\/www.agrolink.com.br\/noticias\/javascript:;\" class=\"text-uppercase\" target=\"_blank\" style=\"color: rgb(112, 112, 112); \" rel=\"noopener\">Agrolink<\/a>&#13;<br \/>\n&#13;<br \/>\n                                                    &#8211; Seane Lennon&#13;<br \/>\n&#13;<br \/>\n                                            <\/strong><br \/>\n                                        <\/p>\n<p>                                            <abbr><time datetime=\"2025-03-09T18:31\" itemprop=\"datePublished dateModified\">Publicado em 09\/03\/2025 \u00e0s 18:31h.<\/time><\/abbr><br \/>\n                                            <\/p><\/div>\n<\/p><\/div>\n<\/p><\/div>\n<div class=\"col-lg p-0 text-lg-end\">\n<div>\n<div id=\"mdEnviarPagina\" class=\"modal fade\" role=\"dialog\">\n<div class=\"modal-dialog\">\n<div class=\"modal-content\">\n<div class=\"modal-body\">\n<p><strong>Estimado usu\u00e1rio.<\/strong><br \/>Preencha o formul\u00e1rio abaixo para remeter a p\u00e1gina.<\/p>\n<\/p><\/div>\n<\/p><\/div>\n<\/p><\/div>\n<\/div><\/div>\n<\/p><\/div>\n<\/p><\/div>\n<\/p><\/div>\n<\/p><\/div>\n<\/p><\/div>\n<div class=\"row justify-content-md-center mt-3\">\n<div class=\"col-lg-auto col-image block-news-main-image\">\n<p>                                <img decoding=\"async\" src=\"https:\/\/www.agrolink.com.br\/upload\/imagens-resizes\/98e2360d478f4e39ab69959cf5cbdbed_858x483.jpg\" class=\"lazyload img-fluid\"\/><br \/>\n                                                <span class=\"publicity-photo d-block mt-1\">Foto: Divulga\u00e7\u00e3o<\/span><\/p><\/div>\n<\/p><\/div>\n<div class=\"section-description section-description-noticias mt-3\">\n<p style=\"text-align:justify\">A Companhia Nacional de Abastecimento (Conab) promover\u00e1 duas a\u00e7\u00f5es de capacita\u00e7\u00e3o no Amazonas para agricultores familiares, associa\u00e7\u00f5es e cooperativas interessados no Programa de Aquisi\u00e7\u00e3o de Alimentos (PAA). As atividades ocorrer\u00e3o nos dias 10 e 14 de mar\u00e7o, em formato on-line e presencial, respectivamente.&#13;\n<\/p>\n<p style=\"text-align:justify\">A primeira capacita\u00e7\u00e3o ser\u00e1 realizada no dia 10, \u00e0s 10h, por videoconfer\u00eancia, permitindo a participa\u00e7\u00e3o de agricultores do interior do estado. J\u00e1 no dia 14, a partir das 8h, a Conab oferecer\u00e1 um encontro presencial na Assembleia Legislativa do Amazonas, voltado para produtores de Manaus e regi\u00e3o. As capacita\u00e7\u00f5es ser\u00e3o conduzidas por t\u00e9cnicos da superintend\u00eancia regional da Conab no estado.<\/p>\n<p style=\"text-align:justify\">O PAA \u00e9 coordenado pelo Minist\u00e9rio do Desenvolvimento e Assist\u00eancia Social, Fam\u00edlia e Combate \u00e0 Fome (MDS) em parceria com os minist\u00e9rios do Desenvolvimento Agr\u00e1rio e Agricultura Familiar (MDA) e da Fazenda, sendo executado pela Conab. O programa tem como objetivos incentivar a produ\u00e7\u00e3o sustent\u00e1vel, fomentar a industrializa\u00e7\u00e3o de alimentos e promover a inclus\u00e3o econ\u00f4mica e social dos agricultores familiares.&#13;\n<\/p>\n<p style=\"text-align:justify\">Al\u00e9m disso, o PAA desempenha um papel essencial na seguran\u00e7a alimentar, garantindo que pessoas em situa\u00e7\u00e3o de vulnerabilidade tenham acesso regular a alimentos de qualidade. Dessa forma, a Conab refor\u00e7a seu compromisso com o Direito Humano \u00e0 Alimenta\u00e7\u00e3o Adequada e Saud\u00e1vel, valorizando a produ\u00e7\u00e3o da agricultura familiar e incentivando seu consumo.<\/p>\n<\/p><\/div>\n<\/p><\/div>\n<p><script data-cfasync=\"false\">\n    !function (f, b, e, v, n, t, s) {\n        if (f.fbq) return; n = f.fbq = function () {\n            n.callMethod ?\n                n.callMethod.apply(n, arguments) : n.queue.push(arguments)\n        };\n        if (!f._fbq) f._fbq = n; n.push = n; n.loaded = !0; n.version = '2.0';\n        n.queue = []; t = b.createElement(e); t.async = !0;\n        t.src = v; s = b.getElementsByTagName(e)[0];\n        s.parentNode.insertBefore(t, s)\n    }(window, document, 'script',\n        'https:\/\/connect.facebook.net\/en_US\/fbevents.js');\n    fbq('init', '522546078623747');\n    fbq('track', 'PageView');\n<\/script><br \/>\n<br \/><br \/>\n<br \/><a href=\"https:\/\/www.agrolink.com.br\/noticias\/paa--conab-treina-agricultores-familiares-no-amazonas_499988.html\">Source link <\/a><\/p>\n","protected":false},"excerpt":{"rendered":"<p>&#13; As atividades ocorrer\u00e3o nos dias 10 e 14 de mar\u00e7o&#13; &#13; Agrolink&#13; &#13; &#8211; Seane Lennon&#13; &#13; Publicado em<\/p>\n","protected":false},"author":1,"featured_media":7372,"comment_status":"open","ping_status":"open","sticky":false,"template":"","format":"standard","meta":{"_monsterinsights_skip_tracking":false,"_monsterinsights_sitenote_active":false,"_monsterinsights_sitenote_note":"","_monsterinsights_sitenote_category":0,"_uf_show_specific_survey":0,"_uf_disable_surveys":false,"footnotes":""},"categories":[8,1,14],"tags":[],"class_list":["post-10720","post","type-post","status-publish","format-standard","has-post-thumbnail","hentry","category-agro","category-news","category-politica-agro"],"_links":{"self":[{"href":"https:\/\/agromt.news\/index.php?rest_route=\/wp\/v2\/posts\/10720"}],"collection":[{"href":"https:\/\/agromt.news\/index.php?rest_route=\/wp\/v2\/posts"}],"about":[{"href":"https:\/\/agromt.news\/index.php?rest_route=\/wp\/v2\/types\/post"}],"author":[{"embeddable":true,"href":"https:\/\/agromt.news\/index.php?rest_route=\/wp\/v2\/users\/1"}],"replies":[{"embeddable":true,"href":"https:\/\/agromt.news\/index.php?rest_route=%2Fwp%2Fv2%2Fcomments&post=10720"}],"version-history":[{"count":0,"href":"https:\/\/agromt.news\/index.php?rest_route=\/wp\/v2\/posts\/10720\/revisions"}],"wp:featuredmedia":[{"embeddable":true,"href":"https:\/\/agromt.news\/index.php?rest_route=\/wp\/v2\/media\/7372"}],"wp:attachment":[{"href":"https:\/\/agromt.news\/index.php?rest_route=%2Fwp%2Fv2%2Fmedia&parent=10720"}],"wp:term":[{"taxonomy":"category","embeddable":true,"href":"https:\/\/agromt.news\/index.php?rest_route=%2Fwp%2Fv2%2Fcategories&post=10720"},{"taxonomy":"post_tag","embeddable":true,"href":"https:\/\/agromt.news\/index.php?rest_route=%2Fwp%2Fv2%2Ftags&post=10720"}],"curies":[{"name":"wp","href":"https:\/\/api.w.org\/{rel}","templated":true}]}}