{"id":10716,"date":"2025-03-09T17:54:54","date_gmt":"2025-03-09T21:54:54","guid":{"rendered":"https:\/\/agromt.news\/?p=10716"},"modified":"2025-03-09T17:54:54","modified_gmt":"2025-03-09T21:54:54","slug":"faturamento-e-toneladas-por-media-diaria-de-carne-suina-exportada-ate-a-2a","status":"publish","type":"post","link":"https:\/\/agromt.news\/?p=10716","title":{"rendered":"Faturamento e toneladas por m\u00e9dia di\u00e1ria de carne su\u00edna exportada at\u00e9 a 2\u00aa&#8230;"},"content":{"rendered":"<p> <br \/>\n<\/p>\n<div>\n<p><img decoding=\"async\" alt=\"Logotipo Not&#xED;cias Agr&#xED;colas\" height=\"21\" src=\"https:\/\/cdn.noticiasagricolas.com.br\/dbimagens\/e12363a00741f9cc7caf23469101a4aa.png\" width=\"106\"\/><\/p>\n<p>De acordo com informa\u00e7\u00f5es da Secretaria de Com\u00e9rcio Exterior (Secex) do Governo Federal, divulgadas nesta segunda-feira (17), as exporta\u00e7\u00f5es de carne su\u00edna fresca, refrigerada ou congelada, at\u00e9 a segunda semana de fevereiro (10 dias \u00fateis) avan\u00e7aram consideravelmente em rela\u00e7\u00e3o a fevereiro de 2024.<\/p>\n<p>A receita obtida at\u00e9 o momento, US$ 135.399,688 representa 71,00% do total arrecadado em todo o m\u00eas de fevereiro de 2024, que foi de US$ 190.693,807. No caso do volume embarcado, as 54.276,826 toneladas representam 54,34% do total registrado em fevereiro do ano passado, quantidade de 84.354,669 toneladas.<\/p>\n<p>O faturamento por m\u00e9dia di\u00e1ria at\u00e9 o momento do m\u00eas de fevereiro foi de US$ 13.539,968, quantia 34,9% a mais do que fevereiro de 2024. No comparativo com a semana anterior, houve diminui\u00e7\u00e3o de 13,97% observando os US$ 15.739,143, vistos na semana passada.<\/p>\n<p>No caso das toneladas por m\u00e9dia di\u00e1ria, foram 5.427,6826, houve eleva\u00e7\u00e3o de 22,3% no comparativo com o mesmo m\u00eas de 2024. Quando comparado ao resultado no quesito da semana anterior, observa-se diminui\u00e7\u00e3o de 13,93%, comparado \u00e0s 6.306,417 toneladas da semana passada.<\/p>\n<p>J\u00e1 o pre\u00e7o pago por tonelada, US$ 2.494,613, \u00e9 10,4% superior ao praticado em fevereiro passado. O resultado, frente ao valor atingido na semana anterior, representa t\u00edmida queda de 0,04% em rela\u00e7\u00e3o aos US$ 2.495,734 anteriores.<br \/>\u00a0<\/p>\n<\/p><\/div>\n<p><script async defer src=\"https:\/\/connect.facebook.net\/en_US\/sdk.js\" type=\"28b3b27749a80270ff4c134b-text\/javascript\"><\/script><script type=\"28b3b27749a80270ff4c134b-text\/javascript\">\n  !function(f,b,e,v,n,t,s)\n  {if(f.fbq)return;n=f.fbq=function(){n.callMethod?\n    n.callMethod.apply(n,arguments):n.queue.push(arguments)};\n    if(!f._fbq)f._fbq=n;n.push=n;n.loaded=!0;n.version='2.0';\n    n.queue=[];t=b.createElement(e);t.async=!0;\n    t.src=v;s=b.getElementsByTagName(e)[0];\n    s.parentNode.insertBefore(t,s)}(window, document,'script',\n    'https:\/\/connect.facebook.net\/en_US\/fbevents.js');\n  fbq('init', '153495679422335');\n  fbq('track', 'PageView');\n<\/script><br \/>\n<br \/><br \/>\n<br \/><a href=\"https:\/\/www.noticiasagricolas.com.br\/noticias\/granjeiros\/394570-faturamento-e-toneladas-por-media-diaria-de-carne-suina-exportada-ate-a-2-semana-de-fevereiro-sobem.html\">Source link <\/a><\/p>\n","protected":false},"excerpt":{"rendered":"<p>De acordo com informa\u00e7\u00f5es da Secretaria de Com\u00e9rcio Exterior (Secex) do Governo Federal, divulgadas nesta segunda-feira (17), as exporta\u00e7\u00f5es de<\/p>\n","protected":false},"author":1,"featured_media":10717,"comment_status":"open","ping_status":"open","sticky":false,"template":"","format":"standard","meta":{"_monsterinsights_skip_tracking":false,"_monsterinsights_sitenote_active":false,"_monsterinsights_sitenote_note":"","_monsterinsights_sitenote_category":0,"_uf_show_specific_survey":0,"_uf_disable_surveys":false,"footnotes":""},"categories":[8,1,14,16],"tags":[],"class_list":["post-10716","post","type-post","status-publish","format-standard","has-post-thumbnail","hentry","category-agro","category-news","category-politica-agro","category-safra"],"_links":{"self":[{"href":"https:\/\/agromt.news\/index.php?rest_route=\/wp\/v2\/posts\/10716"}],"collection":[{"href":"https:\/\/agromt.news\/index.php?rest_route=\/wp\/v2\/posts"}],"about":[{"href":"https:\/\/agromt.news\/index.php?rest_route=\/wp\/v2\/types\/post"}],"author":[{"embeddable":true,"href":"https:\/\/agromt.news\/index.php?rest_route=\/wp\/v2\/users\/1"}],"replies":[{"embeddable":true,"href":"https:\/\/agromt.news\/index.php?rest_route=%2Fwp%2Fv2%2Fcomments&post=10716"}],"version-history":[{"count":0,"href":"https:\/\/agromt.news\/index.php?rest_route=\/wp\/v2\/posts\/10716\/revisions"}],"wp:featuredmedia":[{"embeddable":true,"href":"https:\/\/agromt.news\/index.php?rest_route=\/wp\/v2\/media\/10717"}],"wp:attachment":[{"href":"https:\/\/agromt.news\/index.php?rest_route=%2Fwp%2Fv2%2Fmedia&parent=10716"}],"wp:term":[{"taxonomy":"category","embeddable":true,"href":"https:\/\/agromt.news\/index.php?rest_route=%2Fwp%2Fv2%2Fcategories&post=10716"},{"taxonomy":"post_tag","embeddable":true,"href":"https:\/\/agromt.news\/index.php?rest_route=%2Fwp%2Fv2%2Ftags&post=10716"}],"curies":[{"name":"wp","href":"https:\/\/api.w.org\/{rel}","templated":true}]}}