{"id":1071,"date":"2024-09-04T09:27:36","date_gmt":"2024-09-04T13:27:36","guid":{"rendered":"https:\/\/agromt.news\/?p=1071"},"modified":"2024-09-04T09:27:36","modified_gmt":"2024-09-04T13:27:36","slug":"a-industria-que-cresce-no-brasil-e-vinculada-a-producao-de-commodities-afirma-economista","status":"publish","type":"post","link":"https:\/\/agromt.news\/?p=1071","title":{"rendered":"A ind\u00fastria que cresce no Brasil \u00e9 vinculada \u00e0 produ\u00e7\u00e3o de commodities, afirma economista"},"content":{"rendered":"<p> <br \/>\n<\/p>\n<div>\n<p>Em entrevista \u00e0 <strong>CNN<\/strong>, o economista-chefe da MB Associados, Sergio Vale, afirmou que a ind\u00fastria brasileira tem mostrado sinais de recupera\u00e7\u00e3o, mas que o crescimento ainda est\u00e1 fortemente atrelado \u00e0 produ\u00e7\u00e3o de commodities.<\/p>\n<p>Esta constata\u00e7\u00e3o vem na esteira dos dados divulgados pelo Instituto Brasileiro de Geografia e Estat\u00edstica (IBGE), que apontam para um avan\u00e7o no setor industrial.<\/p>\n<p>Segundo Vale, ao decompor o crescimento industrial, nota-se uma distin\u00e7\u00e3o importante em rela\u00e7\u00e3o ao que se observa no com\u00e9rcio.<\/p>\n<p>\u201cA ind\u00fastria que est\u00e1 crescendo hoje ainda \u00e9 uma ind\u00fastria que est\u00e1 relacionada muito com as commodities. Ela cresce com mais intensidade no Centro-Oeste\u201d, explicou o economista.<\/p>\n<p>Este desempenho destacado na regi\u00e3o \u00e9 atribu\u00eddo principalmente ao setor de commodities, que continua sendo um motor importante para a ind\u00fastria brasileira.<\/p>\n<aside class=\"read-too read-too--with-img\"> <\/aside>\n<h2>Contrastes regionais e setoriais<\/h2>\n<p>Vale ressaltaou que h\u00e1 um contraste not\u00e1vel quando se compara o desempenho da ind\u00fastria com o do com\u00e9rcio em diferentes regi\u00f5es do pa\u00eds.<\/p>\n<p>Enquanto a ind\u00fastria se destaca no Centro-Oeste, o com\u00e9rcio apresenta um crescimento mais robusto em outras \u00e1reas, especialmente no Nordeste, onde se observa um aumento de quase 7%.<\/p>\n<p>O economista atribui essa disparidade regional no setor comercial ao aumento dos gastos p\u00fablicos, que t\u00eam impactado significativamente a economia nordestina.<\/p>\n<p>\u201cA gente come\u00e7a a ver com muita intensidade o impacto dos gastos p\u00fablicos que est\u00e3o se acelerando no com\u00e9rcio do Nordeste por conta de Previd\u00eancia, de Bolsa Fam\u00edlia, de sal\u00e1rio m\u00ednimo\u201d, pontuou Vale.<\/p>\n<p>Apesar do crescimento observado, Vale adverte que o impulso industrial ainda \u00e9 modesto quando comparado a outros setores da economia.<\/p>\n<p>O economista ressalta que os impactos mais relevantes na economia brasileira atual n\u00e3o est\u00e3o concentrados na ind\u00fastria, mas em outros setores que t\u00eam se beneficiado do impulso fiscal observado desde o ano passado.<\/p>\n<p>Este cen\u00e1rio desenha um quadro complexo para a economia brasileira, onde o crescimento industrial, embora positivo, ainda n\u00e3o superou completamente os desafios estruturais enfrentados pelo setor.<\/p>\n<p>A depend\u00eancia das commodities e as disparidades regionais permanecem como pontos de aten\u00e7\u00e3o para analistas e formuladores de pol\u00edticas econ\u00f4micas.<\/p>\n<div class=\"disclaimer__ai\"> <em>Os textos gerados por intelig\u00eancia artificial na <strong>CNN Brasil<\/strong>\u00a0s\u00e3o feitos com base nos cortes de v\u00eddeos dos jornais de sua programa\u00e7\u00e3o. Todas as informa\u00e7\u00f5es s\u00e3o apuradas e checadas por jornalistas. O texto final tamb\u00e9m passa pela revis\u00e3o da equipe de jornalismo da\u00a0<strong>CNN<\/strong>.\u00a0<a href=\"https:\/\/www.cnnbrasil.com.br\/nacional\/saiba-como-a-cnn-brasil-utiliza-as-ferramentas-de-inteligencia-artificial\/\" target=\"_blank\" rel=\"noopener\">Clique aqui para saber mais<\/a>.<\/em><\/div>\n<\/div>\n<p><br \/>\n<br \/><a href=\"https:\/\/www.cnnbrasil.com.br\/economia\/a-industria-que-cresce-no-brasil-e-vinculada-a-producao-de-commodities-afirma-economista\/\">Source link <\/a><\/p>\n","protected":false},"excerpt":{"rendered":"<p>Em entrevista \u00e0 CNN, o economista-chefe da MB Associados, Sergio Vale, afirmou que a ind\u00fastria brasileira tem mostrado sinais de<\/p>\n","protected":false},"author":1,"featured_media":1072,"comment_status":"open","ping_status":"open","sticky":false,"template":"","format":"standard","meta":{"_monsterinsights_skip_tracking":false,"_monsterinsights_sitenote_active":false,"_monsterinsights_sitenote_note":"","_monsterinsights_sitenote_category":0,"_uf_show_specific_survey":0,"_uf_disable_surveys":false,"footnotes":""},"categories":[1],"tags":[],"class_list":["post-1071","post","type-post","status-publish","format-standard","has-post-thumbnail","hentry","category-news"],"_links":{"self":[{"href":"https:\/\/agromt.news\/index.php?rest_route=\/wp\/v2\/posts\/1071"}],"collection":[{"href":"https:\/\/agromt.news\/index.php?rest_route=\/wp\/v2\/posts"}],"about":[{"href":"https:\/\/agromt.news\/index.php?rest_route=\/wp\/v2\/types\/post"}],"author":[{"embeddable":true,"href":"https:\/\/agromt.news\/index.php?rest_route=\/wp\/v2\/users\/1"}],"replies":[{"embeddable":true,"href":"https:\/\/agromt.news\/index.php?rest_route=%2Fwp%2Fv2%2Fcomments&post=1071"}],"version-history":[{"count":0,"href":"https:\/\/agromt.news\/index.php?rest_route=\/wp\/v2\/posts\/1071\/revisions"}],"wp:featuredmedia":[{"embeddable":true,"href":"https:\/\/agromt.news\/index.php?rest_route=\/wp\/v2\/media\/1072"}],"wp:attachment":[{"href":"https:\/\/agromt.news\/index.php?rest_route=%2Fwp%2Fv2%2Fmedia&parent=1071"}],"wp:term":[{"taxonomy":"category","embeddable":true,"href":"https:\/\/agromt.news\/index.php?rest_route=%2Fwp%2Fv2%2Fcategories&post=1071"},{"taxonomy":"post_tag","embeddable":true,"href":"https:\/\/agromt.news\/index.php?rest_route=%2Fwp%2Fv2%2Ftags&post=1071"}],"curies":[{"name":"wp","href":"https:\/\/api.w.org\/{rel}","templated":true}]}}